{"id":54258,"date":"2024-10-21T18:14:55","date_gmt":"2024-10-21T18:14:55","guid":{"rendered":"http:\/\/lahora.mx\/?p=54258"},"modified":"2024-10-29T18:19:48","modified_gmt":"2024-10-29T18:19:48","slug":"comision-del-congreso-aprueba-lineamientos-para-comparecencias-de-aspirantes-a-titularidad-de-la-cdh-puebla","status":"publish","type":"post","link":"https:\/\/lahora.mx\/index.php\/2024\/10\/21\/comision-del-congreso-aprueba-lineamientos-para-comparecencias-de-aspirantes-a-titularidad-de-la-cdh-puebla\/","title":{"rendered":"Comisi\u00f3n del Congreso aprueba lineamientos para comparecencias de aspirantes a titularidad de la CDH Puebla"},"content":{"rendered":"\n<p>La Comisi\u00f3n de Derechos Humanos del Congreso del Estado aprob\u00f3 el proyecto de acuerdo para establecer los lineamientos y la metodolog\u00eda para el desarrollo de las comparecencias, as\u00ed como los criterios de evaluaci\u00f3n para los aspirantes a ocupar la titularidad de la presidencia de la Comisi\u00f3n de Derechos Humanos del Estado de Puebla.<\/p>\n\n\n\n<p>De acuerdo con la convocatoria, una vez que el 22 de octubre, a las 18:00 horas, concluye el plazo de recepci\u00f3n de propuestas; el 23 y 24 de este mes se llevar\u00e1 a cabo la verificaci\u00f3n de cumplimento de requisitos.<\/p>\n\n\n\n<p>Para que el 25 de octubre se d\u00e9 a conocer la lista de las personas que cumplieron con los requisitos establecidos en la convocatoria, quienes del 29 al 31 de octubre tendr\u00e1n que comparecer ante las y los integrantes de la Comisi\u00f3n de Derechos Humanos, de acuerdo con los siguientes lineamientos y metodolog\u00eda:<\/p>\n\n\n\n<p>En cuanto a los par\u00e1metros, se tomar\u00e1 en cuenta la preparaci\u00f3n y experiencia profesional, formaci\u00f3n te\u00f3rica y pr\u00e1ctica, conocimiento y proximidad con la materia de derechos humanos, as\u00ed como la imparcialidad e idoneidad de la candidatura.<\/p>\n\n\n\n<p>Las comparecencias se llevar\u00e1n a cabo en orden alfab\u00e9tico del primer apellido. Estableciendo que quienes no se presenten en el d\u00eda, hora y lugar se\u00f1alados perder\u00e1n su derecho a seguir participando en el proceso de selecci\u00f3n.<\/p>\n\n\n\n<p>Para el desarrollo de las comparecencias, los aspirantes tendr\u00e1n que presentar el programa de trabajo, oral y escrito, y tendr\u00e1n hasta 20 minutos para exponerlo, en una presentaci\u00f3n que puede ser a trav\u00e9s de power point \/pdf.<\/p>\n\n\n\n<p>En cuanto a las preguntas, estas ser\u00e1n cuatro por aspirante. Una sobre conocimientos b\u00e1sicos y tres sobre conocimientos pr\u00e1cticos, y tendr\u00e1n dos minutos para responder cada pregunta.<\/p>\n\n\n\n<p>Los elementos de evaluaci\u00f3n contemplar\u00e1n los programas de trabajo (objetivos y aplicaci\u00f3n), exposici\u00f3n y respuestas, conocimientos en materia, trayectoria, imparcialidad y proximidad con el activismo.<\/p>\n\n\n\n<p>En este sentido, el diputado presidente de la Comisi\u00f3n de Derechos Humanos, Roberto Zatar\u00e1in Leal se\u00f1al\u00f3 que ser\u00e1 un proceso hist\u00f3rico de participaci\u00f3n ciudadana, democr\u00e1tico y plural, ya que la formulaci\u00f3n de preguntas se abre a la sociedad, habilitando una liga en la p\u00e1gina del Congreso a partir de la aprobaci\u00f3n del acuerdo, hasta las 17:00 horas del viernes 25 de octubre.<\/p>\n\n\n\n<p>Las y los diputados avalaron que el acuerdo se deber\u00e1 publicar en el sitio web del Congreso del Estado www.congresopuebla.gob.mx, para conocimiento de las personas aspirantes dentro del proceso selectivo, as\u00ed como de la ciudadan\u00eda en general.<\/p>\n\n\n\n<p>A la sesi\u00f3n de la Comisi\u00f3n del \u00f3rgano colegiado asistieron las y los diputados Roberto Zatar\u00e1in Leal, Ang\u00e9lica Patricia Alvarado Ju\u00e1rez, \u00d3scar Mauricio C\u00e9spedes Peregrina, Jos\u00e9 Miguel Trujillo de Ita y Julio Miguel Huerta G\u00f3mez.<\/p>\n","protected":false},"excerpt":{"rendered":"<p>La Comisi\u00f3n de Derechos Humanos del Congreso del Estado aprob\u00f3 el proyecto de acuerdo para establecer los lineamientos y la metodolog\u00eda para el desarrollo de las comparecencias, as\u00ed como los criterios de evaluaci\u00f3n para los aspirantes a ocupar la titularidad de la presidencia de la Comisi\u00f3n de Derechos Humanos del Estado de Puebla. De acuerdo [&hellip;]<\/p>\n","protected":false},"author":4,"featured_media":54259,"comment_status":"open","ping_status":"open","sticky":false,"template":"","format":"standard","meta":{"om_disable_all_campaigns":false,"_monsterinsights_skip_tracking":false,"_monsterinsights_sitenote_active":false,"_monsterinsights_sitenote_note":"","_monsterinsights_sitenote_category":0,"footnotes":""},"categories":[175],"tags":[227,223],"class_list":["post-54258","post","type-post","status-publish","format-standard","has-post-thumbnail","hentry","category-local","tag-congreso","tag-puebla"],"amp_enabled":true,"_links":{"self":[{"href":"https:\/\/lahora.mx\/index.php\/wp-json\/wp\/v2\/posts\/54258","targetHints":{"allow":["GET"]}}],"collection":[{"href":"https:\/\/lahora.mx\/index.php\/wp-json\/wp\/v2\/posts"}],"about":[{"href":"https:\/\/lahora.mx\/index.php\/wp-json\/wp\/v2\/types\/post"}],"author":[{"embeddable":true,"href":"https:\/\/lahora.mx\/index.php\/wp-json\/wp\/v2\/users\/4"}],"replies":[{"embeddable":true,"href":"https:\/\/lahora.mx\/index.php\/wp-json\/wp\/v2\/comments?post=54258"}],"version-history":[{"count":1,"href":"https:\/\/lahora.mx\/index.php\/wp-json\/wp\/v2\/posts\/54258\/revisions"}],"predecessor-version":[{"id":54260,"href":"https:\/\/lahora.mx\/index.php\/wp-json\/wp\/v2\/posts\/54258\/revisions\/54260"}],"wp:featuredmedia":[{"embeddable":true,"href":"https:\/\/lahora.mx\/index.php\/wp-json\/wp\/v2\/media\/54259"}],"wp:attachment":[{"href":"https:\/\/lahora.mx\/index.php\/wp-json\/wp\/v2\/media?parent=54258"}],"wp:term":[{"taxonomy":"category","embeddable":true,"href":"https:\/\/lahora.mx\/index.php\/wp-json\/wp\/v2\/categories?post=54258"},{"taxonomy":"post_tag","embeddable":true,"href":"https:\/\/lahora.mx\/index.php\/wp-json\/wp\/v2\/tags?post=54258"}],"curies":[{"name":"wp","href":"https:\/\/api.w.org\/{rel}","templated":true}]}}