{"id":54053,"date":"2024-10-21T18:35:38","date_gmt":"2024-10-21T18:35:38","guid":{"rendered":"http:\/\/lahora.mx\/?p=54053"},"modified":"2024-10-26T18:36:54","modified_gmt":"2024-10-26T18:36:54","slug":"entrega-gobierno-estatal-estimulos-de-la-convocatoria-pacmyc-2024","status":"publish","type":"post","link":"https:\/\/lahora.mx\/index.php\/2024\/10\/21\/entrega-gobierno-estatal-estimulos-de-la-convocatoria-pacmyc-2024\/","title":{"rendered":"Entrega gobierno estatal est\u00edmulos de la convocatoria PACMyC 2024"},"content":{"rendered":"\n<p>Con sede en la Casa de la Cultura \u201cProfesor Pedro \u00c1ngel Palou P\u00e9rez\u201d, el gobierno presente de Sergio Salom\u00f3n, a trav\u00e9s de la Secretar\u00eda de Cultura, entreg\u00f3 de manera simb\u00f3lica recursos a los beneficiarios de la edici\u00f3n 2024 del Programa de Apoyos a las Culturas Municipales y Comunitarias (PACMyC), de la cual resultaron seleccionados 31 proyectos de 21 municipios de la entidad.<\/p>\n\n\n\n<p>En representaci\u00f3n del mandatario estatal, el secretario de Cultura, Enrique Glockner Corte expres\u00f3 que este programa ha sido un esfuerzo en conjunto con el gobierno de M\u00e9xico, enfocado en la preservaci\u00f3n, identificaci\u00f3n, conservaci\u00f3n, promoci\u00f3n y trabajo en torno a las tradiciones y culturas de los municipios, las cuales proveen elementos de identidad en las comunidades y forman parte del patrimonio comunitario.<\/p>\n\n\n\n<p>En tanto, Flavia Alicia Ju\u00e1rez, jefa de la Unidad Regional de Puebla, en representaci\u00f3n de la Direcci\u00f3n General de Culturas Populares, Ind\u00edgenas y Urbanas de la Secretar\u00eda de Cultura federal, dio a conocer que, una vez terminados los proyectos, algunos de ellos podr\u00e1n ser expuestos en el Museo Nacional de Culturas Populares de la Ciudad de M\u00e9xico.<\/p>\n\n\n\n<p>En conjunto con el gobierno federal, la Secretar\u00eda de Cultura otorgar\u00e1 a cada proyecto aportaciones econ\u00f3micas que van desde los 46 mil hasta los 100 mil pesos, sumando un total de aproximadamente 2 millones 500 mil pesos. Las pr\u00f3ximas convocatorias de dicho programa ser\u00e1n publicadas a trav\u00e9s de las p\u00e1ginas oficiales de las instancias participantes.<\/p>\n","protected":false},"excerpt":{"rendered":"<p>Con sede en la Casa de la Cultura \u201cProfesor Pedro \u00c1ngel Palou P\u00e9rez\u201d, el gobierno presente de Sergio Salom\u00f3n, a trav\u00e9s de la Secretar\u00eda de Cultura, entreg\u00f3 de manera simb\u00f3lica recursos a los beneficiarios de la edici\u00f3n 2024 del Programa de Apoyos a las Culturas Municipales y Comunitarias (PACMyC), de la cual resultaron seleccionados 31 [&hellip;]<\/p>\n","protected":false},"author":4,"featured_media":54054,"comment_status":"open","ping_status":"open","sticky":false,"template":"","format":"standard","meta":{"om_disable_all_campaigns":false,"_monsterinsights_skip_tracking":false,"_monsterinsights_sitenote_active":false,"_monsterinsights_sitenote_note":"","_monsterinsights_sitenote_category":0,"footnotes":""},"categories":[175],"tags":[239,223],"class_list":["post-54053","post","type-post","status-publish","format-standard","has-post-thumbnail","hentry","category-local","tag-gobierno","tag-puebla"],"amp_enabled":true,"_links":{"self":[{"href":"https:\/\/lahora.mx\/index.php\/wp-json\/wp\/v2\/posts\/54053","targetHints":{"allow":["GET"]}}],"collection":[{"href":"https:\/\/lahora.mx\/index.php\/wp-json\/wp\/v2\/posts"}],"about":[{"href":"https:\/\/lahora.mx\/index.php\/wp-json\/wp\/v2\/types\/post"}],"author":[{"embeddable":true,"href":"https:\/\/lahora.mx\/index.php\/wp-json\/wp\/v2\/users\/4"}],"replies":[{"embeddable":true,"href":"https:\/\/lahora.mx\/index.php\/wp-json\/wp\/v2\/comments?post=54053"}],"version-history":[{"count":1,"href":"https:\/\/lahora.mx\/index.php\/wp-json\/wp\/v2\/posts\/54053\/revisions"}],"predecessor-version":[{"id":54055,"href":"https:\/\/lahora.mx\/index.php\/wp-json\/wp\/v2\/posts\/54053\/revisions\/54055"}],"wp:featuredmedia":[{"embeddable":true,"href":"https:\/\/lahora.mx\/index.php\/wp-json\/wp\/v2\/media\/54054"}],"wp:attachment":[{"href":"https:\/\/lahora.mx\/index.php\/wp-json\/wp\/v2\/media?parent=54053"}],"wp:term":[{"taxonomy":"category","embeddable":true,"href":"https:\/\/lahora.mx\/index.php\/wp-json\/wp\/v2\/categories?post=54053"},{"taxonomy":"post_tag","embeddable":true,"href":"https:\/\/lahora.mx\/index.php\/wp-json\/wp\/v2\/tags?post=54053"}],"curies":[{"name":"wp","href":"https:\/\/api.w.org\/{rel}","templated":true}]}}