{"id":54042,"date":"2024-10-14T17:56:50","date_gmt":"2024-10-14T17:56:50","guid":{"rendered":"http:\/\/lahora.mx\/?p=54042"},"modified":"2024-10-26T17:58:31","modified_gmt":"2024-10-26T17:58:31","slug":"anuncia-cultura-actividades-del-quinto-encuentro-estatal-entre-vivos-y-muertos","status":"publish","type":"post","link":"https:\/\/lahora.mx\/index.php\/2024\/10\/14\/anuncia-cultura-actividades-del-quinto-encuentro-estatal-entre-vivos-y-muertos\/","title":{"rendered":"Anuncia Cultura actividades del quinto Encuentro Estatal \u201cEntre Vivos y Muertos\u201d"},"content":{"rendered":"\n<p>El gobierno presente de Sergio Salom\u00f3n, a trav\u00e9s de la Secretar\u00eda de Cultura, anunci\u00f3 las actividades correspondientes al quinto Encuentro Estatal \u201cEntre Vivos y Muertos\u201d, programa que re\u00fane arte, cultura y tradici\u00f3n como un homenaje a las ra\u00edces mexicanas.<\/p>\n\n\n\n<p>El titular de la dependencia, Enrique Glockner Corte inform\u00f3 en rueda de prensa del gobernador que dichos eventos, enmarcados en la celebraci\u00f3n del \u201cD\u00eda de Muertos\u201d, ser\u00e1n desarrollados en sedes del Centro Hist\u00f3rico como la Casa de la Cultura \u201cProfesor Pedro \u00c1ngel Palou P\u00e9rez\u201d (5 Oriente n\u00famero 5) y el Centro Cultural \u201cSan Roque\u201d (Avenida Juan de Palafox y Mendoza n\u00famero 605), entre otras.<\/p>\n\n\n\n<p>Mencion\u00f3 que entre las actividades habr\u00e1 obras de teatro como \u201cEl fandango de los muertos\u201d y \u201cTarde de leyendas\u201d; danzas regionales y contempor\u00e1neas como \u201cTrascendental. Despu\u00e9s de la muerte regresar\u201d y \u201cNo andaban muertos, andaban bailando en Casa de Cultura\u201d; jornadas de lectura de Calaveritas Literarias y expoventas artesanales con productos conmemorativos a la temporada.<\/p>\n\n\n\n<p>Asimismo, en el encuentro se incluye el \u201c54\u00ba Concurso Art\u00edstico de Altares y Ofrendas a los Muertos\u201d, cuyos participantes podr\u00e1n inscribirse hasta el 25 de octubre y expondr\u00e1n sus obras del 29 del mismo mes al 02 de noviembre; as\u00ed como talleres de cartoner\u00eda y calabacitas florales, y un desfile tradicional en el que participar\u00e1n expresiones danc\u00edsticas, musicales, rituales, catrinas y disfraces.<\/p>\n\n\n\n<p>La programaci\u00f3n iniciar\u00e1 el s\u00e1bado 19 de octubre y finalizar\u00e1 el 10 de noviembre; contar\u00e1 con entrada libre para el p\u00fablico en general. Los detalles ser\u00e1n publicados a trav\u00e9s del sitio web de la dependencia (sc.puebla.gob.mx) y las redes sociales Facebook (Secretar\u00eda de Cultura Puebla) y X (@CulturaGobPue).<\/p>\n","protected":false},"excerpt":{"rendered":"<p>El gobierno presente de Sergio Salom\u00f3n, a trav\u00e9s de la Secretar\u00eda de Cultura, anunci\u00f3 las actividades correspondientes al quinto Encuentro Estatal \u201cEntre Vivos y Muertos\u201d, programa que re\u00fane arte, cultura y tradici\u00f3n como un homenaje a las ra\u00edces mexicanas. El titular de la dependencia, Enrique Glockner Corte inform\u00f3 en rueda de prensa del gobernador que [&hellip;]<\/p>\n","protected":false},"author":4,"featured_media":54043,"comment_status":"open","ping_status":"open","sticky":false,"template":"","format":"standard","meta":{"om_disable_all_campaigns":false,"_monsterinsights_skip_tracking":false,"_monsterinsights_sitenote_active":false,"_monsterinsights_sitenote_note":"","_monsterinsights_sitenote_category":0,"footnotes":""},"categories":[175],"tags":[239,223],"class_list":["post-54042","post","type-post","status-publish","format-standard","has-post-thumbnail","hentry","category-local","tag-gobierno","tag-puebla"],"amp_enabled":true,"_links":{"self":[{"href":"https:\/\/lahora.mx\/index.php\/wp-json\/wp\/v2\/posts\/54042","targetHints":{"allow":["GET"]}}],"collection":[{"href":"https:\/\/lahora.mx\/index.php\/wp-json\/wp\/v2\/posts"}],"about":[{"href":"https:\/\/lahora.mx\/index.php\/wp-json\/wp\/v2\/types\/post"}],"author":[{"embeddable":true,"href":"https:\/\/lahora.mx\/index.php\/wp-json\/wp\/v2\/users\/4"}],"replies":[{"embeddable":true,"href":"https:\/\/lahora.mx\/index.php\/wp-json\/wp\/v2\/comments?post=54042"}],"version-history":[{"count":1,"href":"https:\/\/lahora.mx\/index.php\/wp-json\/wp\/v2\/posts\/54042\/revisions"}],"predecessor-version":[{"id":54044,"href":"https:\/\/lahora.mx\/index.php\/wp-json\/wp\/v2\/posts\/54042\/revisions\/54044"}],"wp:featuredmedia":[{"embeddable":true,"href":"https:\/\/lahora.mx\/index.php\/wp-json\/wp\/v2\/media\/54043"}],"wp:attachment":[{"href":"https:\/\/lahora.mx\/index.php\/wp-json\/wp\/v2\/media?parent=54042"}],"wp:term":[{"taxonomy":"category","embeddable":true,"href":"https:\/\/lahora.mx\/index.php\/wp-json\/wp\/v2\/categories?post=54042"},{"taxonomy":"post_tag","embeddable":true,"href":"https:\/\/lahora.mx\/index.php\/wp-json\/wp\/v2\/tags?post=54042"}],"curies":[{"name":"wp","href":"https:\/\/api.w.org\/{rel}","templated":true}]}}