{"id":54039,"date":"2024-10-13T17:55:15","date_gmt":"2024-10-13T17:55:15","guid":{"rendered":"http:\/\/lahora.mx\/?p=54039"},"modified":"2024-10-26T17:56:43","modified_gmt":"2024-10-26T17:56:43","slug":"gobierno-estatal-interviene-ciclopistas-de-la-zona-metropolitana-para-fortalecer-la-convivencia-familiar","status":"publish","type":"post","link":"https:\/\/lahora.mx\/index.php\/2024\/10\/13\/gobierno-estatal-interviene-ciclopistas-de-la-zona-metropolitana-para-fortalecer-la-convivencia-familiar\/","title":{"rendered":"Gobierno estatal interviene ciclopistas de la zona metropolitana para fortalecer la convivencia familiar"},"content":{"rendered":"\n<p>Para generar h\u00e1bitos deportivos y fortalecer la convivencia familiar, el gobierno de Puebla intervino las ciclopistas de la zona metropolitana, expuso el gobernador Sergio Salom\u00f3n.<\/p>\n\n\n\n<p>Al presidir la inauguraci\u00f3n de la rehabilitaci\u00f3n de la ciclopista del Perif\u00e9rico Ecol\u00f3gico, el titular del Ejecutivo argument\u00f3 que su administraci\u00f3n trabaja bajo una visi\u00f3n social, por lo que ha impulsado iniciativas para que las nuevas generaciones tengan mejores espacios p\u00fablicos.<\/p>\n\n\n\n<p>Jes\u00fas Aquino Lim\u00f3n, subsecretario de Infraestructura, explic\u00f3 que para el disfrute de las familias poblanas fueron intervenidos los tramos elevado y terrestre; fueron instaladas luminarias en 645 puntos, se\u00f1al\u00e9tica vertical y horizontal y fue reemplazado el mobiliario urbano, jardiner\u00eda y puentes peatonales.<\/p>\n","protected":false},"excerpt":{"rendered":"<p>Para generar h\u00e1bitos deportivos y fortalecer la convivencia familiar, el gobierno de Puebla intervino las ciclopistas de la zona metropolitana, expuso el gobernador Sergio Salom\u00f3n. Al presidir la inauguraci\u00f3n de la rehabilitaci\u00f3n de la ciclopista del Perif\u00e9rico Ecol\u00f3gico, el titular del Ejecutivo argument\u00f3 que su administraci\u00f3n trabaja bajo una visi\u00f3n social, por lo que ha [&hellip;]<\/p>\n","protected":false},"author":4,"featured_media":54040,"comment_status":"open","ping_status":"open","sticky":false,"template":"","format":"standard","meta":{"om_disable_all_campaigns":false,"_monsterinsights_skip_tracking":false,"_monsterinsights_sitenote_active":false,"_monsterinsights_sitenote_note":"","_monsterinsights_sitenote_category":0,"footnotes":""},"categories":[175],"tags":[239,223],"class_list":["post-54039","post","type-post","status-publish","format-standard","has-post-thumbnail","hentry","category-local","tag-gobierno","tag-puebla"],"amp_enabled":true,"_links":{"self":[{"href":"https:\/\/lahora.mx\/index.php\/wp-json\/wp\/v2\/posts\/54039","targetHints":{"allow":["GET"]}}],"collection":[{"href":"https:\/\/lahora.mx\/index.php\/wp-json\/wp\/v2\/posts"}],"about":[{"href":"https:\/\/lahora.mx\/index.php\/wp-json\/wp\/v2\/types\/post"}],"author":[{"embeddable":true,"href":"https:\/\/lahora.mx\/index.php\/wp-json\/wp\/v2\/users\/4"}],"replies":[{"embeddable":true,"href":"https:\/\/lahora.mx\/index.php\/wp-json\/wp\/v2\/comments?post=54039"}],"version-history":[{"count":1,"href":"https:\/\/lahora.mx\/index.php\/wp-json\/wp\/v2\/posts\/54039\/revisions"}],"predecessor-version":[{"id":54041,"href":"https:\/\/lahora.mx\/index.php\/wp-json\/wp\/v2\/posts\/54039\/revisions\/54041"}],"wp:featuredmedia":[{"embeddable":true,"href":"https:\/\/lahora.mx\/index.php\/wp-json\/wp\/v2\/media\/54040"}],"wp:attachment":[{"href":"https:\/\/lahora.mx\/index.php\/wp-json\/wp\/v2\/media?parent=54039"}],"wp:term":[{"taxonomy":"category","embeddable":true,"href":"https:\/\/lahora.mx\/index.php\/wp-json\/wp\/v2\/categories?post=54039"},{"taxonomy":"post_tag","embeddable":true,"href":"https:\/\/lahora.mx\/index.php\/wp-json\/wp\/v2\/tags?post=54039"}],"curies":[{"name":"wp","href":"https:\/\/api.w.org\/{rel}","templated":true}]}}