{"id":54017,"date":"2024-10-06T17:32:57","date_gmt":"2024-10-06T17:32:57","guid":{"rendered":"http:\/\/lahora.mx\/?p=54017"},"modified":"2024-10-26T18:07:10","modified_gmt":"2024-10-26T18:07:10","slug":"reporta-salud-51-personas-hospitalizadas-por-dengue","status":"publish","type":"post","link":"https:\/\/lahora.mx\/index.php\/2024\/10\/06\/reporta-salud-51-personas-hospitalizadas-por-dengue\/","title":{"rendered":"Reporta Salud 51 personas hospitalizadas por dengue"},"content":{"rendered":"\n<p>En las \u00faltimas 24 horas, 51 personas en el estado est\u00e1n hospitalizadas a causa del dengue, informa la Secretar\u00eda de Salud.<\/p>\n\n\n\n<p>La titular de la dependencia, Araceli Soria C\u00f3rdoba puntualiz\u00f3 que el n\u00famero de casos acumulados es de 3 mil 437, los cuales est\u00e1n distribuidos en 70 municipios.<\/p>\n\n\n\n<p>Asimismo, indic\u00f3 que al corte del 05 de octubre hubo 43 nuevos contagios y no se registraron nuevas defunciones, por lo que se mantiene en 10 el n\u00famero de decesos acumulados.<\/p>\n\n\n\n<p>En ese sentido, Soria C\u00f3rdoba hizo llamado a la poblaci\u00f3n de zonas end\u00e9micas a que siga las instrucciones de las autoridades sanitarias, principalmente con la limpieza de sus patios y azoteas para evitar espacios de reproducci\u00f3n del mosquito transmisor.<\/p>\n\n\n\n<p><\/p>\n","protected":false},"excerpt":{"rendered":"<p>En las \u00faltimas 24 horas, 51 personas en el estado est\u00e1n hospitalizadas a causa del dengue, informa la Secretar\u00eda de Salud. La titular de la dependencia, Araceli Soria C\u00f3rdoba puntualiz\u00f3 que el n\u00famero de casos acumulados es de 3 mil 437, los cuales est\u00e1n distribuidos en 70 municipios. Asimismo, indic\u00f3 que al corte del 05 [&hellip;]<\/p>\n","protected":false},"author":4,"featured_media":54051,"comment_status":"open","ping_status":"open","sticky":false,"template":"","format":"standard","meta":{"om_disable_all_campaigns":false,"_monsterinsights_skip_tracking":false,"_monsterinsights_sitenote_active":false,"_monsterinsights_sitenote_note":"","_monsterinsights_sitenote_category":0,"footnotes":""},"categories":[175],"tags":[239,223],"class_list":["post-54017","post","type-post","status-publish","format-standard","has-post-thumbnail","hentry","category-local","tag-gobierno","tag-puebla"],"amp_enabled":true,"_links":{"self":[{"href":"https:\/\/lahora.mx\/index.php\/wp-json\/wp\/v2\/posts\/54017","targetHints":{"allow":["GET"]}}],"collection":[{"href":"https:\/\/lahora.mx\/index.php\/wp-json\/wp\/v2\/posts"}],"about":[{"href":"https:\/\/lahora.mx\/index.php\/wp-json\/wp\/v2\/types\/post"}],"author":[{"embeddable":true,"href":"https:\/\/lahora.mx\/index.php\/wp-json\/wp\/v2\/users\/4"}],"replies":[{"embeddable":true,"href":"https:\/\/lahora.mx\/index.php\/wp-json\/wp\/v2\/comments?post=54017"}],"version-history":[{"count":1,"href":"https:\/\/lahora.mx\/index.php\/wp-json\/wp\/v2\/posts\/54017\/revisions"}],"predecessor-version":[{"id":54019,"href":"https:\/\/lahora.mx\/index.php\/wp-json\/wp\/v2\/posts\/54017\/revisions\/54019"}],"wp:featuredmedia":[{"embeddable":true,"href":"https:\/\/lahora.mx\/index.php\/wp-json\/wp\/v2\/media\/54051"}],"wp:attachment":[{"href":"https:\/\/lahora.mx\/index.php\/wp-json\/wp\/v2\/media?parent=54017"}],"wp:term":[{"taxonomy":"category","embeddable":true,"href":"https:\/\/lahora.mx\/index.php\/wp-json\/wp\/v2\/categories?post=54017"},{"taxonomy":"post_tag","embeddable":true,"href":"https:\/\/lahora.mx\/index.php\/wp-json\/wp\/v2\/tags?post=54017"}],"curies":[{"name":"wp","href":"https:\/\/api.w.org\/{rel}","templated":true}]}}