{"id":53844,"date":"2024-10-23T03:43:12","date_gmt":"2024-10-23T03:43:12","guid":{"rendered":"http:\/\/lahora.mx\/?p=53844"},"modified":"2024-10-23T03:43:13","modified_gmt":"2024-10-23T03:43:13","slug":"presupuesto-de-126-mil-millones-proyecta-nuevo-gobierno-de-puebla-para-2025","status":"publish","type":"post","link":"https:\/\/lahora.mx\/index.php\/2024\/10\/23\/presupuesto-de-126-mil-millones-proyecta-nuevo-gobierno-de-puebla-para-2025\/","title":{"rendered":"Presupuesto de 126 mil millones proyecta nuevo gobierno de Puebla para 2025"},"content":{"rendered":"\n<p>Jos\u00e9 Luis Garc\u00eda Parra, diputado local e integrante del equipo de transici\u00f3n del gobernador electo Alejandro Armenta Mier, se\u00f1al\u00f3 que la proyecci\u00f3n que se tiene para el presupuesto 2025 es de 126 mil millones de pesos, y algunas dependencias tendr\u00e1n incrementos hasta del trescientos por ciento.<\/p>\n\n\n\n<p>En entrevista, el legislador se\u00f1al\u00f3 que primero habr\u00e1 que hacerse la modificaci\u00f3n a la Ley Org\u00e1nica de la Administraci\u00f3n P\u00fablica y posteriormente el presupuesto, pero record\u00f3 que antes se aprobar\u00e1 el federal que ser\u00e1 enviado por la presidenta Claudia Sheinbaum Pardo antes del 15 de noviembre.<\/p>\n\n\n\n<p>Se\u00f1al\u00f3 que habr\u00e1 dependencias que van a tener un incremento de m\u00e1s del 300 por ciento en el presupuesto para desarrollar econom\u00eda, trabajo y turismo de acuerdo con las pol\u00edticas que implementar\u00e1 Alejandro Armenta Mier.<\/p>\n\n\n\n<p>Coment\u00f3 que para poder cumplir, se est\u00e1n haciendo ajustes para tener ingresos adicionales por cinco mil millones de pesos para poder llegar a 126 mil millones que es una proyecci\u00f3n.<\/p>\n\n\n\n<p>De la nueva Ley Org\u00e1nica de la Administraci\u00f3n P\u00fablica, explic\u00f3 que se afinan detalles porque tiene que verse el panorama nacional ya que hubo por ajustes en la Secretar\u00eda de la Funci\u00f3n P\u00fablica, y en el equipo de transici\u00f3n se hizo tambi\u00e9n el ajuste y se esperar\u00e1n para estar perfectamente alineados a lo que la directriz nacional.<\/p>\n\n\n\n<p>Entre los cambios que ha anunciado, est\u00e1 la fusi\u00f3n de las secretar\u00edas de Econom\u00eda y Trabajo; la creaci\u00f3n de las secretar\u00edas del Deporte y la de Ciencia y Tecnolog\u00eda, adem\u00e1s de las relacionadas con Ciudad Modelo.<\/p>\n\n\n\n<p>Asimismo en el plan de gobierno se establece la construcci\u00f3n de viviendas, por lo anterior se contempla el crear el Instituto de Vivienda del Estado de Puebla.<\/p>\n","protected":false},"excerpt":{"rendered":"<p>Jos\u00e9 Luis Garc\u00eda Parra, diputado local e integrante del equipo de transici\u00f3n del gobernador electo Alejandro Armenta Mier, se\u00f1al\u00f3 que la proyecci\u00f3n que se tiene para el presupuesto 2025 es de 126 mil millones de pesos, y algunas dependencias tendr\u00e1n incrementos hasta del trescientos por ciento. En entrevista, el legislador se\u00f1al\u00f3 que primero habr\u00e1 que [&hellip;]<\/p>\n","protected":false},"author":4,"featured_media":53845,"comment_status":"open","ping_status":"open","sticky":false,"template":"","format":"standard","meta":{"om_disable_all_campaigns":false,"_monsterinsights_skip_tracking":false,"_monsterinsights_sitenote_active":false,"_monsterinsights_sitenote_note":"","_monsterinsights_sitenote_category":0,"footnotes":""},"categories":[175],"tags":[227,223],"class_list":["post-53844","post","type-post","status-publish","format-standard","has-post-thumbnail","hentry","category-local","tag-congreso","tag-puebla"],"amp_enabled":true,"_links":{"self":[{"href":"https:\/\/lahora.mx\/index.php\/wp-json\/wp\/v2\/posts\/53844","targetHints":{"allow":["GET"]}}],"collection":[{"href":"https:\/\/lahora.mx\/index.php\/wp-json\/wp\/v2\/posts"}],"about":[{"href":"https:\/\/lahora.mx\/index.php\/wp-json\/wp\/v2\/types\/post"}],"author":[{"embeddable":true,"href":"https:\/\/lahora.mx\/index.php\/wp-json\/wp\/v2\/users\/4"}],"replies":[{"embeddable":true,"href":"https:\/\/lahora.mx\/index.php\/wp-json\/wp\/v2\/comments?post=53844"}],"version-history":[{"count":1,"href":"https:\/\/lahora.mx\/index.php\/wp-json\/wp\/v2\/posts\/53844\/revisions"}],"predecessor-version":[{"id":53846,"href":"https:\/\/lahora.mx\/index.php\/wp-json\/wp\/v2\/posts\/53844\/revisions\/53846"}],"wp:featuredmedia":[{"embeddable":true,"href":"https:\/\/lahora.mx\/index.php\/wp-json\/wp\/v2\/media\/53845"}],"wp:attachment":[{"href":"https:\/\/lahora.mx\/index.php\/wp-json\/wp\/v2\/media?parent=53844"}],"wp:term":[{"taxonomy":"category","embeddable":true,"href":"https:\/\/lahora.mx\/index.php\/wp-json\/wp\/v2\/categories?post=53844"},{"taxonomy":"post_tag","embeddable":true,"href":"https:\/\/lahora.mx\/index.php\/wp-json\/wp\/v2\/tags?post=53844"}],"curies":[{"name":"wp","href":"https:\/\/api.w.org\/{rel}","templated":true}]}}