{"id":53837,"date":"2024-10-22T22:38:06","date_gmt":"2024-10-22T22:38:06","guid":{"rendered":"http:\/\/lahora.mx\/?p=53837"},"modified":"2024-10-22T22:38:06","modified_gmt":"2024-10-22T22:38:06","slug":"el-gobernador-sergio-salomon-se-sometera-a-una-cirugia-de-la-vista","status":"publish","type":"post","link":"https:\/\/lahora.mx\/index.php\/2024\/10\/22\/el-gobernador-sergio-salomon-se-sometera-a-una-cirugia-de-la-vista\/","title":{"rendered":"El gobernador Sergio Salom\u00f3n se someter\u00e1 a una cirug\u00eda de la vista"},"content":{"rendered":"\n<p>El gobernador Sergio Salom\u00f3n C\u00e9spedes Peregrina se someter\u00e1 a una cirug\u00eda de la vista, motivo por el que suspender\u00e1 sus actividades p\u00fablicas el resto de la semana, as\u00ed lo anunci\u00f3 el propio mandatario a trav\u00e9s de su cuenta de X, antes Twitter.<\/p>\n\n\n\n<p>El titular del Ejecutivo expres\u00f3 que se trata de un procedimiento que deb\u00eda realizarse desde hace tiempo pero que hab\u00eda postergado por motivos de agenda, no obstante, finalmente este martes ser\u00e1 intervenido y en los siguientes d\u00edas guardar\u00e1 reposo.<\/p>\n\n\n\n<p>\u201cQuiero informarles que desde hace algunos meses he querido someterme a cirug\u00eda de la vista, y aunque desafortunadamente esto no hab\u00eda ocurrido por motivos de agenda, finalmente hoy es el d\u00eda\u201d, expres\u00f3.<br>El mandatario poblano se\u00f1al\u00f3 que aunque se trata de un procedimiento sencillo, se mantendr\u00e1 ausente de las actividades p\u00fablicas y continuar\u00e1 trabajando desde el escritorio a la par de informar c\u00f3mo avanza su recuperaci\u00f3n.<\/p>\n\n\n\n<p>La \u00faltima actividad p\u00fablica que encabez\u00f3 C\u00e9spedes fue la entrega de la segunda fase de remodelaci\u00f3n del Parque Ecol\u00f3gico, en la capital poblana y en la semana previa realiz\u00f3 giras de trabajo en la zona metropolitana y el interior del estado para asistir a tomas de protesta de presidentes municipales.<\/p>\n","protected":false},"excerpt":{"rendered":"<p>El gobernador Sergio Salom\u00f3n C\u00e9spedes Peregrina se someter\u00e1 a una cirug\u00eda de la vista, motivo por el que suspender\u00e1 sus actividades p\u00fablicas el resto de la semana, as\u00ed lo anunci\u00f3 el propio mandatario a trav\u00e9s de su cuenta de X, antes Twitter. El titular del Ejecutivo expres\u00f3 que se trata de un procedimiento que deb\u00eda [&hellip;]<\/p>\n","protected":false},"author":4,"featured_media":53838,"comment_status":"open","ping_status":"open","sticky":false,"template":"","format":"standard","meta":{"om_disable_all_campaigns":false,"_monsterinsights_skip_tracking":false,"_monsterinsights_sitenote_active":false,"_monsterinsights_sitenote_note":"","_monsterinsights_sitenote_category":0,"footnotes":""},"categories":[175],"tags":[223],"class_list":["post-53837","post","type-post","status-publish","format-standard","has-post-thumbnail","hentry","category-local","tag-puebla"],"amp_enabled":true,"_links":{"self":[{"href":"https:\/\/lahora.mx\/index.php\/wp-json\/wp\/v2\/posts\/53837","targetHints":{"allow":["GET"]}}],"collection":[{"href":"https:\/\/lahora.mx\/index.php\/wp-json\/wp\/v2\/posts"}],"about":[{"href":"https:\/\/lahora.mx\/index.php\/wp-json\/wp\/v2\/types\/post"}],"author":[{"embeddable":true,"href":"https:\/\/lahora.mx\/index.php\/wp-json\/wp\/v2\/users\/4"}],"replies":[{"embeddable":true,"href":"https:\/\/lahora.mx\/index.php\/wp-json\/wp\/v2\/comments?post=53837"}],"version-history":[{"count":1,"href":"https:\/\/lahora.mx\/index.php\/wp-json\/wp\/v2\/posts\/53837\/revisions"}],"predecessor-version":[{"id":53839,"href":"https:\/\/lahora.mx\/index.php\/wp-json\/wp\/v2\/posts\/53837\/revisions\/53839"}],"wp:featuredmedia":[{"embeddable":true,"href":"https:\/\/lahora.mx\/index.php\/wp-json\/wp\/v2\/media\/53838"}],"wp:attachment":[{"href":"https:\/\/lahora.mx\/index.php\/wp-json\/wp\/v2\/media?parent=53837"}],"wp:term":[{"taxonomy":"category","embeddable":true,"href":"https:\/\/lahora.mx\/index.php\/wp-json\/wp\/v2\/categories?post=53837"},{"taxonomy":"post_tag","embeddable":true,"href":"https:\/\/lahora.mx\/index.php\/wp-json\/wp\/v2\/tags?post=53837"}],"curies":[{"name":"wp","href":"https:\/\/api.w.org\/{rel}","templated":true}]}}