{"id":53831,"date":"2024-10-22T21:42:41","date_gmt":"2024-10-22T21:42:41","guid":{"rendered":"http:\/\/lahora.mx\/?p=53831"},"modified":"2024-10-22T21:42:42","modified_gmt":"2024-10-22T21:42:42","slug":"trailer-se-queda-sin-frenos-y-provoca-terrible-carambola-en-la-mexico-puebla","status":"publish","type":"post","link":"https:\/\/lahora.mx\/index.php\/2024\/10\/22\/trailer-se-queda-sin-frenos-y-provoca-terrible-carambola-en-la-mexico-puebla\/","title":{"rendered":"Tr\u00e1iler se queda sin frenos y provoca terrible carambola en la M\u00e9xico-Puebla"},"content":{"rendered":"\n<p>\u00a1Maneja con precauci\u00f3n! Usuarios en redes sociales reportan una carambola en la autopista federal M\u00e9xico-Puebla, a la altura de la Virgen, ocasionada por un tr\u00e1iler que se qued\u00f3 sin frenos lo que provoc\u00f3 que se impactara con varios veh\u00edculos.<\/p>\n\n\n\n<p>Hasta el momento, se registran al menos 10 personas lesionadas en este percance vial.<\/p>\n\n\n\n<p>A trav\u00e9s de redes sociales, un usuario comparti\u00f3 un video as\u00ed como un par de im\u00e1genes que muestran la carambola que ha paralizado la M\u00e9xico-Puebla.<\/p>\n\n\n\n<p>De acuerdo a la informaci\u00f3n compartida, el percance vial se origin\u00f3 debido a que una unidad de transporte de carga se qued\u00f3 sin frenos mientras circulaba por la vialidad federal.<\/p>\n\n\n\n<p>Este hecho ocasion\u00f3 que el conductor perdiera el control de su veh\u00edculo, sin poder evitar que chocara con varias unidades particulares.<\/p>\n\n\n\n<p>La intensidad del impacto dej\u00f3 al menos 10 detenidos, por lo que numerosas personas se encuentran apoyando y realizando labores de rescate.<\/p>\n","protected":false},"excerpt":{"rendered":"<p>\u00a1Maneja con precauci\u00f3n! Usuarios en redes sociales reportan una carambola en la autopista federal M\u00e9xico-Puebla, a la altura de la Virgen, ocasionada por un tr\u00e1iler que se qued\u00f3 sin frenos lo que provoc\u00f3 que se impactara con varios veh\u00edculos. Hasta el momento, se registran al menos 10 personas lesionadas en este percance vial. A trav\u00e9s [&hellip;]<\/p>\n","protected":false},"author":4,"featured_media":53832,"comment_status":"open","ping_status":"open","sticky":false,"template":"","format":"standard","meta":{"om_disable_all_campaigns":false,"_monsterinsights_skip_tracking":false,"_monsterinsights_sitenote_active":false,"_monsterinsights_sitenote_note":"","_monsterinsights_sitenote_category":0,"footnotes":""},"categories":[175,226],"tags":[195],"class_list":["post-53831","post","type-post","status-publish","format-standard","has-post-thumbnail","hentry","category-local","category-policia","tag-principal"],"amp_enabled":true,"_links":{"self":[{"href":"https:\/\/lahora.mx\/index.php\/wp-json\/wp\/v2\/posts\/53831","targetHints":{"allow":["GET"]}}],"collection":[{"href":"https:\/\/lahora.mx\/index.php\/wp-json\/wp\/v2\/posts"}],"about":[{"href":"https:\/\/lahora.mx\/index.php\/wp-json\/wp\/v2\/types\/post"}],"author":[{"embeddable":true,"href":"https:\/\/lahora.mx\/index.php\/wp-json\/wp\/v2\/users\/4"}],"replies":[{"embeddable":true,"href":"https:\/\/lahora.mx\/index.php\/wp-json\/wp\/v2\/comments?post=53831"}],"version-history":[{"count":1,"href":"https:\/\/lahora.mx\/index.php\/wp-json\/wp\/v2\/posts\/53831\/revisions"}],"predecessor-version":[{"id":53833,"href":"https:\/\/lahora.mx\/index.php\/wp-json\/wp\/v2\/posts\/53831\/revisions\/53833"}],"wp:featuredmedia":[{"embeddable":true,"href":"https:\/\/lahora.mx\/index.php\/wp-json\/wp\/v2\/media\/53832"}],"wp:attachment":[{"href":"https:\/\/lahora.mx\/index.php\/wp-json\/wp\/v2\/media?parent=53831"}],"wp:term":[{"taxonomy":"category","embeddable":true,"href":"https:\/\/lahora.mx\/index.php\/wp-json\/wp\/v2\/categories?post=53831"},{"taxonomy":"post_tag","embeddable":true,"href":"https:\/\/lahora.mx\/index.php\/wp-json\/wp\/v2\/tags?post=53831"}],"curies":[{"name":"wp","href":"https:\/\/api.w.org\/{rel}","templated":true}]}}