{"id":53824,"date":"2024-10-22T19:51:58","date_gmt":"2024-10-22T19:51:58","guid":{"rendered":"http:\/\/lahora.mx\/?p=53824"},"modified":"2024-10-22T19:51:59","modified_gmt":"2024-10-22T19:51:59","slug":"gobierno-trabaja-junto-a-la-fgr-en-investigacion-por-el-homicidio-del-sacerdote-marcelo-perez-en-chiapas-menciona-la-presidenta-claudia-sheinbaum","status":"publish","type":"post","link":"https:\/\/lahora.mx\/index.php\/2024\/10\/22\/gobierno-trabaja-junto-a-la-fgr-en-investigacion-por-el-homicidio-del-sacerdote-marcelo-perez-en-chiapas-menciona-la-presidenta-claudia-sheinbaum\/","title":{"rendered":"Gobierno trabaja junto a la FGR en investigaci\u00f3n por el homicidio del sacerdote Marcelo P\u00e9rez en Chiapas menciona la presidenta Claudia Sheinbaum"},"content":{"rendered":"\n<p>La presidenta Claudia Sheinbaum Pardo ha declarado que su gobierno est\u00e1 trabajando en colaboraci\u00f3n con la Fiscal\u00eda General de la Rep\u00fablica (FGR) para esclarecer el asesinato del padre Marcelo P\u00e9rez.<\/p>\n\n\n\n<p>Desde Palacio Nacional, Sheinbaum destac\u00f3 la importancia de llevar a cabo una investigaci\u00f3n exhaustiva que permita determinar las circunstancias del crimen y tomar medidas preventivas para evitar que hechos similares ocurran en el futuro.<\/p>\n\n\n\n<p>La titular del Ejecutivo subray\u00f3 la relevancia de prevenir el desplazamiento, la extorsi\u00f3n y otros delitos que afectan a distintas regiones del pa\u00eds, especialmente en Chiapas. En ese sentido, explic\u00f3 que se est\u00e1 trabajando de manera coordinada con el gobernador de ese estado para abordar los problemas de seguridad de manera integral y efectiva.<\/p>\n\n\n\n<p>Adem\u00e1s, la presidenta resalt\u00f3 la importancia de mantener una comunicaci\u00f3n constante con las autoridades estatales y eclesi\u00e1sticas, as\u00ed como con la Di\u00f3cesis de San Crist\u00f3bal, para coordinar esfuerzos en la b\u00fasqueda de justicia y garantizar la protecci\u00f3n de la comunidad.<\/p>\n\n\n\n<p>\u201cEs fundamental que trabajemos juntos para asegurar que no haya m\u00e1s desplazamientos ni actos de violencia\u201d, enfatiz\u00f3 Sheinbaum, reafirmando el compromiso del gobierno federal con la seguridad y bienestar de todos los ciudadanos.<\/p>\n\n\n\n<p>La presidenta Claudia Sheinbaum busca fortalecer las acciones para enfrentar los retos de seguridad que afectan a Chiapas y otras regiones del pa\u00eds.<\/p>\n","protected":false},"excerpt":{"rendered":"<p>La presidenta Claudia Sheinbaum Pardo ha declarado que su gobierno est\u00e1 trabajando en colaboraci\u00f3n con la Fiscal\u00eda General de la Rep\u00fablica (FGR) para esclarecer el asesinato del padre Marcelo P\u00e9rez. Desde Palacio Nacional, Sheinbaum destac\u00f3 la importancia de llevar a cabo una investigaci\u00f3n exhaustiva que permita determinar las circunstancias del crimen y tomar medidas preventivas [&hellip;]<\/p>\n","protected":false},"author":4,"featured_media":53825,"comment_status":"open","ping_status":"open","sticky":false,"template":"","format":"standard","meta":{"om_disable_all_campaigns":false,"_monsterinsights_skip_tracking":false,"_monsterinsights_sitenote_active":false,"_monsterinsights_sitenote_note":"","_monsterinsights_sitenote_category":0,"footnotes":""},"categories":[176],"tags":[223],"class_list":["post-53824","post","type-post","status-publish","format-standard","has-post-thumbnail","hentry","category-nacional","tag-puebla"],"amp_enabled":true,"_links":{"self":[{"href":"https:\/\/lahora.mx\/index.php\/wp-json\/wp\/v2\/posts\/53824","targetHints":{"allow":["GET"]}}],"collection":[{"href":"https:\/\/lahora.mx\/index.php\/wp-json\/wp\/v2\/posts"}],"about":[{"href":"https:\/\/lahora.mx\/index.php\/wp-json\/wp\/v2\/types\/post"}],"author":[{"embeddable":true,"href":"https:\/\/lahora.mx\/index.php\/wp-json\/wp\/v2\/users\/4"}],"replies":[{"embeddable":true,"href":"https:\/\/lahora.mx\/index.php\/wp-json\/wp\/v2\/comments?post=53824"}],"version-history":[{"count":1,"href":"https:\/\/lahora.mx\/index.php\/wp-json\/wp\/v2\/posts\/53824\/revisions"}],"predecessor-version":[{"id":53826,"href":"https:\/\/lahora.mx\/index.php\/wp-json\/wp\/v2\/posts\/53824\/revisions\/53826"}],"wp:featuredmedia":[{"embeddable":true,"href":"https:\/\/lahora.mx\/index.php\/wp-json\/wp\/v2\/media\/53825"}],"wp:attachment":[{"href":"https:\/\/lahora.mx\/index.php\/wp-json\/wp\/v2\/media?parent=53824"}],"wp:term":[{"taxonomy":"category","embeddable":true,"href":"https:\/\/lahora.mx\/index.php\/wp-json\/wp\/v2\/categories?post=53824"},{"taxonomy":"post_tag","embeddable":true,"href":"https:\/\/lahora.mx\/index.php\/wp-json\/wp\/v2\/tags?post=53824"}],"curies":[{"name":"wp","href":"https:\/\/api.w.org\/{rel}","templated":true}]}}