{"id":53812,"date":"2024-10-22T16:32:07","date_gmt":"2024-10-22T16:32:07","guid":{"rendered":"http:\/\/lahora.mx\/?p=53812"},"modified":"2024-10-22T16:32:07","modified_gmt":"2024-10-22T16:32:07","slug":"quien-es-quien-en-los-precios-regresa-ahora-con-claudia-sheinbaum","status":"publish","type":"post","link":"https:\/\/lahora.mx\/index.php\/2024\/10\/22\/quien-es-quien-en-los-precios-regresa-ahora-con-claudia-sheinbaum\/","title":{"rendered":"Qui\u00e9n es qui\u00e9n en los precios, regresa ahora con Claudia Sheinbaum"},"content":{"rendered":"\n<p>La secci\u00f3n de Qui\u00e9n es qui\u00e9n en los precios, que comenz\u00f3 en la ma\u00f1anera del expresidente Andr\u00e9s Manuel L\u00f3pez Obrador (AMLO) y se pospuso con la entrada de la nueva administraci\u00f3n federal, est\u00e1 de regreso.<\/p>\n\n\n\n<p>Bajo el mismo nombre, pero ahora presentada por el nuevo titular de la Procuradora Federal del Consumidor (Profeco), C\u00e9sar Iv\u00e1n Escalante Ruiz, esta secci\u00f3n se retom\u00f3 este martes y continuar\u00e1 as\u00ed semanalmente, anunci\u00f3 la presidenta Claudia Sheinbaum Pardo, en su ma\u00f1anera del pueblo.<\/p>\n\n\n\n<p>\u00bfDe qu\u00e9 trata la secci\u00f3n Qui\u00e9n es qui\u00e9n en los precios?<br>El 16 de septiembre de 2021 el expresidente AMLO, en su conferencia de prensa, inform\u00f3 sobre la creaci\u00f3n de una secci\u00f3n en la ma\u00f1anera para exhibir a los comercios que aumentaron de forma dr\u00e1stica los precios de la canasta b\u00e1sica.<\/p>\n\n\n\n<p>La secci\u00f3n, posteriormente titulada Qui\u00e9n es qui\u00e9n en los precios, se enfoc\u00f3 en informar sobre los comercios en todo el pa\u00eds, dividido por regiones, que vend\u00edan los 24 productos de la canasta b\u00e1sica a menor y mayor precio.<\/p>\n\n\n\n<p>Al terminar su sexenio, dicha secci\u00f3n qued\u00f3 interrumpida, ya que la presidenta Claudia Sheinbaum modific\u00f3 el contenido de sus conferencias de prensa, ahora tituladas ma\u00f1aneras del pueblo.<\/p>\n\n\n\n<p>Qui\u00e9n es qui\u00e9n en los precios regresa a las ma\u00f1aneras, ahora con Claudia Sheinbaum<br>Luego de casi 20 d\u00edas de desaparecer de las conferencias presidenciales matutinas, Qui\u00e9n es qui\u00e9n en los precios regres\u00f3, esta vez bajo el brazo de C\u00e9sar Iv\u00e1n Escalante Ruiz, nuevo titular de la Profeco.<\/p>\n\n\n\n<p>En esta primera secci\u00f3n dio a conocer los quehaceres de la Profeco, entre ellos el monitorear los precios de la canasta b\u00e1sica en mil 800 establecimientos del pa\u00eds. El monitoreo que present\u00f3 este d\u00eda abarc\u00f3 del 7 al 11 de octubre de este a\u00f1o.<\/p>\n\n\n\n<p>\u201cMonitoreamos 24 productos de una canasta referencial, y en este caso, la suma de ellos est\u00e1 por debajo de los mil 39 pesos, que estima el \u00edndice nacional de precios, existiendo una diferencia sustancial entre la canasta m\u00e1s cara y la m\u00e1s barata identificada de 226 pesos\u201d, asever\u00f3.<\/p>\n","protected":false},"excerpt":{"rendered":"<p>La secci\u00f3n de Qui\u00e9n es qui\u00e9n en los precios, que comenz\u00f3 en la ma\u00f1anera del expresidente Andr\u00e9s Manuel L\u00f3pez Obrador (AMLO) y se pospuso con la entrada de la nueva administraci\u00f3n federal, est\u00e1 de regreso. Bajo el mismo nombre, pero ahora presentada por el nuevo titular de la Procuradora Federal del Consumidor (Profeco), C\u00e9sar Iv\u00e1n [&hellip;]<\/p>\n","protected":false},"author":4,"featured_media":53813,"comment_status":"open","ping_status":"open","sticky":false,"template":"","format":"standard","meta":{"om_disable_all_campaigns":false,"_monsterinsights_skip_tracking":false,"_monsterinsights_sitenote_active":false,"_monsterinsights_sitenote_note":"","_monsterinsights_sitenote_category":0,"footnotes":""},"categories":[176],"tags":[223],"class_list":["post-53812","post","type-post","status-publish","format-standard","has-post-thumbnail","hentry","category-nacional","tag-puebla"],"amp_enabled":true,"_links":{"self":[{"href":"https:\/\/lahora.mx\/index.php\/wp-json\/wp\/v2\/posts\/53812","targetHints":{"allow":["GET"]}}],"collection":[{"href":"https:\/\/lahora.mx\/index.php\/wp-json\/wp\/v2\/posts"}],"about":[{"href":"https:\/\/lahora.mx\/index.php\/wp-json\/wp\/v2\/types\/post"}],"author":[{"embeddable":true,"href":"https:\/\/lahora.mx\/index.php\/wp-json\/wp\/v2\/users\/4"}],"replies":[{"embeddable":true,"href":"https:\/\/lahora.mx\/index.php\/wp-json\/wp\/v2\/comments?post=53812"}],"version-history":[{"count":1,"href":"https:\/\/lahora.mx\/index.php\/wp-json\/wp\/v2\/posts\/53812\/revisions"}],"predecessor-version":[{"id":53814,"href":"https:\/\/lahora.mx\/index.php\/wp-json\/wp\/v2\/posts\/53812\/revisions\/53814"}],"wp:featuredmedia":[{"embeddable":true,"href":"https:\/\/lahora.mx\/index.php\/wp-json\/wp\/v2\/media\/53813"}],"wp:attachment":[{"href":"https:\/\/lahora.mx\/index.php\/wp-json\/wp\/v2\/media?parent=53812"}],"wp:term":[{"taxonomy":"category","embeddable":true,"href":"https:\/\/lahora.mx\/index.php\/wp-json\/wp\/v2\/categories?post=53812"},{"taxonomy":"post_tag","embeddable":true,"href":"https:\/\/lahora.mx\/index.php\/wp-json\/wp\/v2\/tags?post=53812"}],"curies":[{"name":"wp","href":"https:\/\/api.w.org\/{rel}","templated":true}]}}