{"id":53808,"date":"2024-10-22T16:28:38","date_gmt":"2024-10-22T16:28:38","guid":{"rendered":"http:\/\/lahora.mx\/?p=53808"},"modified":"2024-10-22T16:28:39","modified_gmt":"2024-10-22T16:28:39","slug":"frente-frio-deja-sin-clases-35-municipios-de-veracruz","status":"publish","type":"post","link":"https:\/\/lahora.mx\/index.php\/2024\/10\/22\/frente-frio-deja-sin-clases-35-municipios-de-veracruz\/","title":{"rendered":"Frente frio deja sin clases 35 municipios de Veracruz"},"content":{"rendered":"\n<p>La Secretar\u00eda de Protecci\u00f3n Civil (SPC) del estado de Veracruz, inform\u00f3 sobre la suspensi\u00f3n de clases en 35 municipios para este martes, debido a las afectaciones provocadas por las lluvias que dej\u00f3 el Frente Fr\u00edo n\u00famero 4 en la entidad,<\/p>\n\n\n\n<p>En las \u00faltimas 24 horas, las lluvias que se registraron en el estado causaron afectaciones y situaciones de riesgo, por lo que la SPC implement\u00f3 un operativo de seguimiento, recuento y prevenci\u00f3n.<\/p>\n\n\n\n<p>\u201cEn sesi\u00f3n del Comit\u00e9 Estatal de Emergencias, se ha determinado la suspensi\u00f3n de clases en 35 municipios del estado de Veracruz para el martes 22 de octubre de 2024\u201d.<\/p>\n\n\n\n<p>Suspende clases la UV en Xalapa por lluvias<br><br>La Universidad Veracruzana (UV) decidi\u00f3 suspender actividades en la regi\u00f3n Xalapa tras las lluvias de ayer lunes. De acuerdo con un comunicado publicado en las redes sociales de la propia UV, la decisi\u00f3n se debi\u00f3 para salvaguardar a la comunidad universitaria.<\/p>\n\n\n\n<p>\u201cDebido a las condiciones clim\u00e1ticas que imperan en la regi\u00f3n capital del estado y municipios aleda\u00f1os, la Universidad Veracruzana informa la suspensi\u00f3n de actividades acad\u00e9micas este 21 de octubre en la regi\u00f3n Xalapa, a partir de este medio d\u00eda y el turno vespertino\u201d, se lee en el comunicado.<\/p>\n\n\n\n<p>Suspenden clases en 35 municipios de Veracruz, por lluvias<br>De acuerdo con el listado que dio a conocer SCP de Veracruz, estos son los municipios que suspenden clases este martes 222 de octubre.<br>\u00c1lamo Temapache<br>Coatzacoalcos<br>Moloac\u00e1n<br>Minatitl\u00e1n<br>Jes\u00fas Carranza<br>Texistepec<br>Cosoleacaque<br>J\u00e1ltipan<br>Hidalgotitl\u00e1n<br>Uxpanapa<br>Soconusco<br>Acayucan<br>Santiago Tuxtla<br>Hueyapan de Ocampo<br>\u00c1ngel R. Cabada<br>Lerdo de Tejada<br>Tlacotalpan<br>Chacaltianguis<br>Cosamaloapan<br>Carlos A. Carrillo<br>San Juan Evangelista<br>Isla<br>Jos\u00e9 Azueta<br>Playa Vicente<br>\u00darsulo Galv\u00e1n<br>Puente Nacional<br>Actopan<br>Camerino Z. Mendoza<br>Nogales<br>Veracruz<br>Boca del R\u00edo<br>Medell\u00edn<br>Catemaco<br>San Andr\u00e9s Tuxtla (JRLM)<\/p>\n","protected":false},"excerpt":{"rendered":"<p>La Secretar\u00eda de Protecci\u00f3n Civil (SPC) del estado de Veracruz, inform\u00f3 sobre la suspensi\u00f3n de clases en 35 municipios para este martes, debido a las afectaciones provocadas por las lluvias que dej\u00f3 el Frente Fr\u00edo n\u00famero 4 en la entidad, En las \u00faltimas 24 horas, las lluvias que se registraron en el estado causaron afectaciones [&hellip;]<\/p>\n","protected":false},"author":4,"featured_media":53810,"comment_status":"open","ping_status":"open","sticky":false,"template":"","format":"standard","meta":{"om_disable_all_campaigns":false,"_monsterinsights_skip_tracking":false,"_monsterinsights_sitenote_active":false,"_monsterinsights_sitenote_note":"","_monsterinsights_sitenote_category":0,"footnotes":""},"categories":[176],"tags":[195],"class_list":["post-53808","post","type-post","status-publish","format-standard","has-post-thumbnail","hentry","category-nacional","tag-principal"],"amp_enabled":true,"_links":{"self":[{"href":"https:\/\/lahora.mx\/index.php\/wp-json\/wp\/v2\/posts\/53808","targetHints":{"allow":["GET"]}}],"collection":[{"href":"https:\/\/lahora.mx\/index.php\/wp-json\/wp\/v2\/posts"}],"about":[{"href":"https:\/\/lahora.mx\/index.php\/wp-json\/wp\/v2\/types\/post"}],"author":[{"embeddable":true,"href":"https:\/\/lahora.mx\/index.php\/wp-json\/wp\/v2\/users\/4"}],"replies":[{"embeddable":true,"href":"https:\/\/lahora.mx\/index.php\/wp-json\/wp\/v2\/comments?post=53808"}],"version-history":[{"count":1,"href":"https:\/\/lahora.mx\/index.php\/wp-json\/wp\/v2\/posts\/53808\/revisions"}],"predecessor-version":[{"id":53811,"href":"https:\/\/lahora.mx\/index.php\/wp-json\/wp\/v2\/posts\/53808\/revisions\/53811"}],"wp:featuredmedia":[{"embeddable":true,"href":"https:\/\/lahora.mx\/index.php\/wp-json\/wp\/v2\/media\/53810"}],"wp:attachment":[{"href":"https:\/\/lahora.mx\/index.php\/wp-json\/wp\/v2\/media?parent=53808"}],"wp:term":[{"taxonomy":"category","embeddable":true,"href":"https:\/\/lahora.mx\/index.php\/wp-json\/wp\/v2\/categories?post=53808"},{"taxonomy":"post_tag","embeddable":true,"href":"https:\/\/lahora.mx\/index.php\/wp-json\/wp\/v2\/tags?post=53808"}],"curies":[{"name":"wp","href":"https:\/\/api.w.org\/{rel}","templated":true}]}}