{"id":53792,"date":"2024-10-22T03:10:39","date_gmt":"2024-10-22T03:10:39","guid":{"rendered":"http:\/\/lahora.mx\/?p=53792"},"modified":"2024-10-22T03:10:39","modified_gmt":"2024-10-22T03:10:39","slug":"teep-informo-a-tiempo-la-nulidad-de-las-elecciones-laura-artemisa","status":"publish","type":"post","link":"https:\/\/lahora.mx\/index.php\/2024\/10\/22\/teep-informo-a-tiempo-la-nulidad-de-las-elecciones-laura-artemisa\/","title":{"rendered":"TEEP inform\u00f3 a tiempo la nulidad de las elecciones: Laura Artemisa"},"content":{"rendered":"\n<p>La presidenta de la Junta de Gobierno, Laura Artemisa Garc\u00eda Ch\u00e1vez, inform\u00f3 que fue a las 23:50 horas del 14 de octubre, cuando el Tribunal Electoral del Estado (TEEP) notific\u00f3 la nulidad de la elecci\u00f3n en Venustiano Carranza, por lo que fue legal que el Congreso del Estado realizar\u00e1 el nombramiento de los Concejos Municipales.<\/p>\n\n\n\n<p>En entrevista la legisladora aclar\u00f3 que va a respetar la decisi\u00f3n de las instancias federales, pero el poder legislativo ten\u00eda que actuar para mantener la gobernabilidad en los municipios donde se anularon las elecciones.<\/p>\n\n\n\n<p>Record\u00f3 que el art\u00edculo 62 de la Ley Org\u00e1nica Municipal, se\u00f1ala que deben integrarse los concejos, y fue en los tiempos, y advirti\u00f3 que hay una mala interpretaci\u00f3n de c\u00f3mo se toma la respuesta del TEEP a la respuesta que se dio a la instancia federal.<\/p>\n\n\n\n<p>Precis\u00f3 que el Congreso adem\u00e1s estaba actuando de acuerdo a un acto conocido con la nulidad, donde se quedaban sin representaci\u00f3n, y ahora si los tribunales determinan que fueron v\u00e1lidas las elecciones, dejar\u00e1n de operar los concejos-<\/p>\n\n\n\n<p>\u201cEn este momento, lo \u00fanico legal son los concejos que se han nombrado, y se pide a las autoridades que mantengan la calma, y esperen que haya un dictamen final\u201d.<\/p>\n\n\n\n<p>Anuncia ganador de Imagen del Congreso<br>La presidenta de la Junta de Gobierno, inform\u00f3 que Alan de Jes\u00fas Miranda Olvera, estudiante de Instituto de Estudios Superiores de Tehuac\u00e1n, gan\u00f3 el certamen de la nueva imagen del Congreso.<\/p>\n\n\n\n<p>Para el certamen se inscribieron sesenta participantes, de los cuales pasaron veinte a la final, y en la \u00faltima etapa quedaron cinco.<\/p>\n\n\n\n<p>El estudiante recibir\u00e1 el pr\u00f3ximo jueves el premio de 50 mil pesos, y su trabajo ser\u00e1 la imagen del poder legislativo en los pr\u00f3ximos tres a\u00f1os.<\/p>\n\n\n\n<p>Mantendr\u00e1n el edificio hist\u00f3rico<br>Respecto al presupuesto del pr\u00f3ximo a\u00f1o, dijo que se analizar\u00e1, ya que crecer\u00e1 el \u00e1rea f\u00edsica del Congreso, por lo que hay que pensar en mantenimiento de dos inmuebles como lo es el actual, mismo que quedar\u00e1 para sesiones solemnes, la posibilidad de un museo.<\/p>\n\n\n\n<p>Coment\u00f3 que en estos momentos tienen finanzas sanas, y se est\u00e1 en la etapa de planeaci\u00f3n, adem\u00e1s de cumplir con las obligaciones que se tienen con cerca de 200 trabajadores que laboran en el poder judicial.<\/p>\n","protected":false},"excerpt":{"rendered":"<p>La presidenta de la Junta de Gobierno, Laura Artemisa Garc\u00eda Ch\u00e1vez, inform\u00f3 que fue a las 23:50 horas del 14 de octubre, cuando el Tribunal Electoral del Estado (TEEP) notific\u00f3 la nulidad de la elecci\u00f3n en Venustiano Carranza, por lo que fue legal que el Congreso del Estado realizar\u00e1 el nombramiento de los Concejos Municipales. [&hellip;]<\/p>\n","protected":false},"author":4,"featured_media":53793,"comment_status":"open","ping_status":"open","sticky":false,"template":"","format":"standard","meta":{"om_disable_all_campaigns":false,"_monsterinsights_skip_tracking":false,"_monsterinsights_sitenote_active":false,"_monsterinsights_sitenote_note":"","_monsterinsights_sitenote_category":0,"footnotes":""},"categories":[175],"tags":[227,223],"class_list":["post-53792","post","type-post","status-publish","format-standard","has-post-thumbnail","hentry","category-local","tag-congreso","tag-puebla"],"amp_enabled":true,"_links":{"self":[{"href":"https:\/\/lahora.mx\/index.php\/wp-json\/wp\/v2\/posts\/53792","targetHints":{"allow":["GET"]}}],"collection":[{"href":"https:\/\/lahora.mx\/index.php\/wp-json\/wp\/v2\/posts"}],"about":[{"href":"https:\/\/lahora.mx\/index.php\/wp-json\/wp\/v2\/types\/post"}],"author":[{"embeddable":true,"href":"https:\/\/lahora.mx\/index.php\/wp-json\/wp\/v2\/users\/4"}],"replies":[{"embeddable":true,"href":"https:\/\/lahora.mx\/index.php\/wp-json\/wp\/v2\/comments?post=53792"}],"version-history":[{"count":1,"href":"https:\/\/lahora.mx\/index.php\/wp-json\/wp\/v2\/posts\/53792\/revisions"}],"predecessor-version":[{"id":53794,"href":"https:\/\/lahora.mx\/index.php\/wp-json\/wp\/v2\/posts\/53792\/revisions\/53794"}],"wp:featuredmedia":[{"embeddable":true,"href":"https:\/\/lahora.mx\/index.php\/wp-json\/wp\/v2\/media\/53793"}],"wp:attachment":[{"href":"https:\/\/lahora.mx\/index.php\/wp-json\/wp\/v2\/media?parent=53792"}],"wp:term":[{"taxonomy":"category","embeddable":true,"href":"https:\/\/lahora.mx\/index.php\/wp-json\/wp\/v2\/categories?post=53792"},{"taxonomy":"post_tag","embeddable":true,"href":"https:\/\/lahora.mx\/index.php\/wp-json\/wp\/v2\/tags?post=53792"}],"curies":[{"name":"wp","href":"https:\/\/api.w.org\/{rel}","templated":true}]}}