{"id":53789,"date":"2024-10-22T02:24:27","date_gmt":"2024-10-22T02:24:27","guid":{"rendered":"http:\/\/lahora.mx\/?p=53789"},"modified":"2024-10-22T02:33:33","modified_gmt":"2024-10-22T02:33:33","slug":"armenta-recibe-informe-de-los-puntos-rojos-en-puebla","status":"publish","type":"post","link":"https:\/\/lahora.mx\/index.php\/2024\/10\/22\/armenta-recibe-informe-de-los-puntos-rojos-en-puebla\/","title":{"rendered":"Armenta recibe informe de los \u201cpuntos rojos\u201d en Puebla"},"content":{"rendered":"\n<p>El secretario de Gobernaci\u00f3n en funciones, Javier Aquino Lim\u00f3n, present\u00f3 al gobernador electo Alejandro Armenta Mier, un informe sobre el estado de seguridad en Puebla, que incluye los \u201cpuntos rojos\u201d detectados en la entidad.<\/p>\n\n\n\n<p>As\u00ed lo dio a conocer el titular de Gobernaci\u00f3n entrante, Samuel Aguilar Pala, al precisar que como parte del proceso de transici\u00f3n se ha reunido en tres ocasiones con el funcionario estatal para hablar de asuntos de gobernabilidad y seguridad p\u00fablica.<\/p>\n\n\n\n<p>Explic\u00f3 que algunos de los aspectos importantes que se han revisado son los reglamentos internos del gobierno, el organigrama y tambi\u00e9n cu\u00e1les son los puntos rojos que la administraci\u00f3n de Sergio Salom\u00f3n C\u00e9spedes Peregrina ha detectado en el estado.<\/p>\n\n\n\n<p>En ese sentido, Aguilar Pala anticip\u00f3 que antes de que concluya esta semana podr\u00eda volverse a reunir con Javier Aquino, para establecer una mesa de trabajo en donde se abordar\u00eda lo relacionado con la gobernabilidad en el estado.<\/p>\n\n\n\n<p>\u201cAl parecer tenemos una reuni\u00f3n m\u00e1s esta semana y ya nos han ido comentando algunos temas pendientes o que seguramente no van a ser resueltos en este periodo \u00faltimo de gobierno, pero que seguramente estaremos inform\u00e1ndoles cu\u00e1les son, d\u00f3nde est\u00e1n y las estrategias para atenderlos, con su oportunidad\u201d, declar\u00f3 en conferencia de prensa este lunes.<\/p>\n","protected":false},"excerpt":{"rendered":"<p>El secretario de Gobernaci\u00f3n en funciones, Javier Aquino Lim\u00f3n, present\u00f3 al gobernador electo Alejandro Armenta Mier, un informe sobre el estado de seguridad en Puebla, que incluye los \u201cpuntos rojos\u201d detectados en la entidad. As\u00ed lo dio a conocer el titular de Gobernaci\u00f3n entrante, Samuel Aguilar Pala, al precisar que como parte del proceso de [&hellip;]<\/p>\n","protected":false},"author":4,"featured_media":53790,"comment_status":"open","ping_status":"open","sticky":false,"template":"","format":"standard","meta":{"om_disable_all_campaigns":false,"_monsterinsights_skip_tracking":false,"_monsterinsights_sitenote_active":false,"_monsterinsights_sitenote_note":"","_monsterinsights_sitenote_category":0,"footnotes":""},"categories":[175],"tags":[239],"class_list":["post-53789","post","type-post","status-publish","format-standard","has-post-thumbnail","hentry","category-local","tag-gobierno"],"amp_enabled":true,"_links":{"self":[{"href":"https:\/\/lahora.mx\/index.php\/wp-json\/wp\/v2\/posts\/53789","targetHints":{"allow":["GET"]}}],"collection":[{"href":"https:\/\/lahora.mx\/index.php\/wp-json\/wp\/v2\/posts"}],"about":[{"href":"https:\/\/lahora.mx\/index.php\/wp-json\/wp\/v2\/types\/post"}],"author":[{"embeddable":true,"href":"https:\/\/lahora.mx\/index.php\/wp-json\/wp\/v2\/users\/4"}],"replies":[{"embeddable":true,"href":"https:\/\/lahora.mx\/index.php\/wp-json\/wp\/v2\/comments?post=53789"}],"version-history":[{"count":1,"href":"https:\/\/lahora.mx\/index.php\/wp-json\/wp\/v2\/posts\/53789\/revisions"}],"predecessor-version":[{"id":53791,"href":"https:\/\/lahora.mx\/index.php\/wp-json\/wp\/v2\/posts\/53789\/revisions\/53791"}],"wp:featuredmedia":[{"embeddable":true,"href":"https:\/\/lahora.mx\/index.php\/wp-json\/wp\/v2\/media\/53790"}],"wp:attachment":[{"href":"https:\/\/lahora.mx\/index.php\/wp-json\/wp\/v2\/media?parent=53789"}],"wp:term":[{"taxonomy":"category","embeddable":true,"href":"https:\/\/lahora.mx\/index.php\/wp-json\/wp\/v2\/categories?post=53789"},{"taxonomy":"post_tag","embeddable":true,"href":"https:\/\/lahora.mx\/index.php\/wp-json\/wp\/v2\/tags?post=53789"}],"curies":[{"name":"wp","href":"https:\/\/api.w.org\/{rel}","templated":true}]}}