{"id":53756,"date":"2024-10-21T23:48:11","date_gmt":"2024-10-21T23:48:11","guid":{"rendered":"http:\/\/lahora.mx\/?p=53756"},"modified":"2024-10-21T23:48:11","modified_gmt":"2024-10-21T23:48:11","slug":"los-chapitos-buscan-reducir-su-condena-con-acuerdo-de-culpabilidad","status":"publish","type":"post","link":"https:\/\/lahora.mx\/index.php\/2024\/10\/21\/los-chapitos-buscan-reducir-su-condena-con-acuerdo-de-culpabilidad\/","title":{"rendered":"Los Chapitos buscan reducir su condena con acuerdo de culpabilidad"},"content":{"rendered":"\n<p>\u2018Los Chapitos\u2019, Joaqu\u00edn y Ovidio Guzm\u00e1n L\u00f3pez, buscan un acuerdo con las autoridades de Estados Unidos para reducir su condena a cambio de declararse culpables por al menos nueve cargos contra ellos.<\/p>\n\n\n\n<p>La informaci\u00f3n la confirm\u00f3 la defensa de los Chapitos, que encabeza Jeffrey Lichtman, luego de una comparecencia este lunes en la Corte Federal de Chicago que dur\u00f3 breves 15 minutos.<\/p>\n\n\n\n<p>El defensor no proporcion\u00f3 m\u00e1s detalles acerca de la pl\u00e1tica con la jueza Sharon Johnson Coleman, pero s\u00ed adelantaron que el caso tendr\u00e1 una revisi\u00f3n el pr\u00f3ximo 7 de enero, a las 11:00 horas.<\/p>\n\n\n\n<p>Ese mismo d\u00eda el padre de \u2018los Chapitos\u2019, Joaqu\u00edn \u2018El Chapo\u2019 Guzm\u00e1n Loera, comparecer\u00e1 en Estados Unidos.<\/p>\n\n\n\n<p>De acuerdo con el Universal, Ovidio Guzm\u00e1n L\u00f3pez enfrenta cinco cargos relacionados con el narcotr\u00e1fico; Milenio se\u00f1al\u00f3 que, de acuerdo con un documento en su poder, los hermanos suman nueve cargos en su contra.<\/p>\n\n\n\n<p>\u2018Los Chapitos\u2019 en caso de conseguir una colaboraci\u00f3n con las autoridades estadounidenses, delatar\u00edan a sus antiguos socios, uno de ellos ser\u00eda Ismael \u2018El Mayo\u2019 Zambada, quien fue entregado por Joaqu\u00edn Guzm\u00e1n L\u00f3pez.<\/p>\n\n\n\n<p>Adem\u00e1s, buscar\u00edan mantener sus propiedades y cuentas bancarias.<\/p>\n","protected":false},"excerpt":{"rendered":"<p>\u2018Los Chapitos\u2019, Joaqu\u00edn y Ovidio Guzm\u00e1n L\u00f3pez, buscan un acuerdo con las autoridades de Estados Unidos para reducir su condena a cambio de declararse culpables por al menos nueve cargos contra ellos. La informaci\u00f3n la confirm\u00f3 la defensa de los Chapitos, que encabeza Jeffrey Lichtman, luego de una comparecencia este lunes en la Corte Federal [&hellip;]<\/p>\n","protected":false},"author":4,"featured_media":53757,"comment_status":"open","ping_status":"open","sticky":false,"template":"","format":"standard","meta":{"om_disable_all_campaigns":false,"_monsterinsights_skip_tracking":false,"_monsterinsights_sitenote_active":false,"_monsterinsights_sitenote_note":"","_monsterinsights_sitenote_category":0,"footnotes":""},"categories":[176],"tags":[],"class_list":["post-53756","post","type-post","status-publish","format-standard","has-post-thumbnail","hentry","category-nacional"],"amp_enabled":true,"_links":{"self":[{"href":"https:\/\/lahora.mx\/index.php\/wp-json\/wp\/v2\/posts\/53756","targetHints":{"allow":["GET"]}}],"collection":[{"href":"https:\/\/lahora.mx\/index.php\/wp-json\/wp\/v2\/posts"}],"about":[{"href":"https:\/\/lahora.mx\/index.php\/wp-json\/wp\/v2\/types\/post"}],"author":[{"embeddable":true,"href":"https:\/\/lahora.mx\/index.php\/wp-json\/wp\/v2\/users\/4"}],"replies":[{"embeddable":true,"href":"https:\/\/lahora.mx\/index.php\/wp-json\/wp\/v2\/comments?post=53756"}],"version-history":[{"count":1,"href":"https:\/\/lahora.mx\/index.php\/wp-json\/wp\/v2\/posts\/53756\/revisions"}],"predecessor-version":[{"id":53758,"href":"https:\/\/lahora.mx\/index.php\/wp-json\/wp\/v2\/posts\/53756\/revisions\/53758"}],"wp:featuredmedia":[{"embeddable":true,"href":"https:\/\/lahora.mx\/index.php\/wp-json\/wp\/v2\/media\/53757"}],"wp:attachment":[{"href":"https:\/\/lahora.mx\/index.php\/wp-json\/wp\/v2\/media?parent=53756"}],"wp:term":[{"taxonomy":"category","embeddable":true,"href":"https:\/\/lahora.mx\/index.php\/wp-json\/wp\/v2\/categories?post=53756"},{"taxonomy":"post_tag","embeddable":true,"href":"https:\/\/lahora.mx\/index.php\/wp-json\/wp\/v2\/tags?post=53756"}],"curies":[{"name":"wp","href":"https:\/\/api.w.org\/{rel}","templated":true}]}}