{"id":53753,"date":"2024-10-21T22:40:56","date_gmt":"2024-10-21T22:40:56","guid":{"rendered":"http:\/\/lahora.mx\/?p=53753"},"modified":"2024-10-21T22:40:57","modified_gmt":"2024-10-21T22:40:57","slug":"2-mil-500-personas-en-italia-son-evacuadas-por-lluvias","status":"publish","type":"post","link":"https:\/\/lahora.mx\/index.php\/2024\/10\/21\/2-mil-500-personas-en-italia-son-evacuadas-por-lluvias\/","title":{"rendered":"2 mil 500 personas en Italia son evacuadas por lluvias"},"content":{"rendered":"\n<p>Las inundaciones causadas por las intensas lluvias en el centro de Emilia-Roma\u00f1a, en el norte de Italia, cobraron una vida y obligaron a evacuar al menos 2 mil 500 personas en las \u00faltimas 24 horas, dijo hoy lunes el alcalde Matteo Lepore, en redes sociales.<\/p>\n\n\n\n<p>Un hombre de 20 a\u00f1os muri\u00f3 el domingo cuando el autom\u00f3vil que conduc\u00eda con su hermano fue arrastrado por las aguas en un peque\u00f1o pueblo cerca de Bolonia, la capital y ciudad m\u00e1s grande de la regi\u00f3n de Emilia-Roma\u00f1a.<\/p>\n\n\n\n<p>Las lluvias azotaron la regi\u00f3n desde el s\u00e1bado. Hasta el mediod\u00eda de hoy, alrededor de 472 equipos de bomberos hab\u00edan realizado 890 operaciones de rescate en las \u00e1reas afectadas, seg\u00fan el Departamento de Bomberos. A los residentes de Bolonia se les ha recomendado evitar todos los viajes no esenciales desde el domingo.<\/p>\n\n\n\n<p>Las inundaciones repentinas tambi\u00e9n han provocado cortes generalizados de electricidad, dejando a aproximadamente 12 mil hogares sin electricidad desde el domingo. Se espera que alrededor de 3 mil 500 hogares permanezcan sin electricidad al menos todo el d\u00eda de hoy, dijeron funcionarios locales.<\/p>\n\n\n\n<p>Tambi\u00e9n se produjeron da\u00f1os y trastornos en la regi\u00f3n del sur de Calabria, con bloqueos en varias conexiones viales, incluida al menos una carretera estatal, debido a deslizamientos de tierra o inundaciones despu\u00e9s de que los r\u00edos locales se desbordaran de sus riberas.<\/p>\n\n\n\n<p>Ante la expectativa de m\u00e1s lluvias, se ha emitido una alerta naranja, el segundo nivel m\u00e1s alto de riesgo hidrogeol\u00f3gico, para Emilia-Roma\u00f1a, el Valle del Po y partes del norte de Lombard\u00eda y V\u00e9neto hasta la medianoche de hoy, de acuerdo con el bolet\u00edn m\u00e1s reciente de la agencia nacional de Protecci\u00f3n Civil.<\/p>\n\n\n\n<p>Se espera que para el martes el nivel de riesgo se eleve a alerta roja para Emilia-Roma\u00f1a, en particular en Ferrara, sus zonas costeras y las regiones del interior circundantes, seg\u00fan las autoridades regionales. Por otra parte, seguir\u00e1 vigente una alerta amarilla, la tercera advertencia m\u00e1s alta, para el sur de Calabria, Basilicata y Sicilia.<\/p>\n","protected":false},"excerpt":{"rendered":"<p>Las inundaciones causadas por las intensas lluvias en el centro de Emilia-Roma\u00f1a, en el norte de Italia, cobraron una vida y obligaron a evacuar al menos 2 mil 500 personas en las \u00faltimas 24 horas, dijo hoy lunes el alcalde Matteo Lepore, en redes sociales. Un hombre de 20 a\u00f1os muri\u00f3 el domingo cuando el [&hellip;]<\/p>\n","protected":false},"author":4,"featured_media":53754,"comment_status":"open","ping_status":"open","sticky":false,"template":"","format":"standard","meta":{"om_disable_all_campaigns":false,"_monsterinsights_skip_tracking":false,"_monsterinsights_sitenote_active":false,"_monsterinsights_sitenote_note":"","_monsterinsights_sitenote_category":0,"footnotes":""},"categories":[183],"tags":[],"class_list":["post-53753","post","type-post","status-publish","format-standard","has-post-thumbnail","hentry","category-internacional"],"amp_enabled":true,"_links":{"self":[{"href":"https:\/\/lahora.mx\/index.php\/wp-json\/wp\/v2\/posts\/53753","targetHints":{"allow":["GET"]}}],"collection":[{"href":"https:\/\/lahora.mx\/index.php\/wp-json\/wp\/v2\/posts"}],"about":[{"href":"https:\/\/lahora.mx\/index.php\/wp-json\/wp\/v2\/types\/post"}],"author":[{"embeddable":true,"href":"https:\/\/lahora.mx\/index.php\/wp-json\/wp\/v2\/users\/4"}],"replies":[{"embeddable":true,"href":"https:\/\/lahora.mx\/index.php\/wp-json\/wp\/v2\/comments?post=53753"}],"version-history":[{"count":1,"href":"https:\/\/lahora.mx\/index.php\/wp-json\/wp\/v2\/posts\/53753\/revisions"}],"predecessor-version":[{"id":53755,"href":"https:\/\/lahora.mx\/index.php\/wp-json\/wp\/v2\/posts\/53753\/revisions\/53755"}],"wp:featuredmedia":[{"embeddable":true,"href":"https:\/\/lahora.mx\/index.php\/wp-json\/wp\/v2\/media\/53754"}],"wp:attachment":[{"href":"https:\/\/lahora.mx\/index.php\/wp-json\/wp\/v2\/media?parent=53753"}],"wp:term":[{"taxonomy":"category","embeddable":true,"href":"https:\/\/lahora.mx\/index.php\/wp-json\/wp\/v2\/categories?post=53753"},{"taxonomy":"post_tag","embeddable":true,"href":"https:\/\/lahora.mx\/index.php\/wp-json\/wp\/v2\/tags?post=53753"}],"curies":[{"name":"wp","href":"https:\/\/api.w.org\/{rel}","templated":true}]}}