{"id":53744,"date":"2024-10-21T17:33:30","date_gmt":"2024-10-21T17:33:30","guid":{"rendered":"http:\/\/lahora.mx\/?p=53744"},"modified":"2024-10-21T17:33:30","modified_gmt":"2024-10-21T17:33:30","slug":"motociclistas-mueren-en-la-federal-160","status":"publish","type":"post","link":"https:\/\/lahora.mx\/index.php\/2024\/10\/21\/motociclistas-mueren-en-la-federal-160\/","title":{"rendered":"Motociclistas mueren en la federal 160"},"content":{"rendered":"\n<p>Dos motociclistas muertos fue el saldo de un doble accidente ocurrido en el puente de la carretera federal n\u00famero 160, que conecta a Iz\u00facar de Matamoros con Jantetelco. Las v\u00edctimas viajaban este domingo en las motos que quedaron sobre el mismo carril, luego de derrapar.<\/p>\n\n\n\n<p>Elementos de la Polic\u00eda Municipal de Tepexco llegaron al sitio del accidente, en donde acordonaron la escena, por lo que la circulaci\u00f3n vehicular se vio parcialmente afectada. Posteriormente, arrib\u00f3 la Guardia Nacional (GN), que, al tratarse de una carretera federal, realiz\u00f3 el levantamiento de los cuerpos para ingresarlos al Servicio M\u00e9dico Forense (Semefo) de Iz\u00facar de Matamoros.<\/p>\n\n\n\n<p>Debido a que las v\u00edctimas no portaban documentos que acreditaran su identidad, fueron clasificados como desconocidos, sin embargo, en las redes sociales se difundi\u00f3 la imagen del accidente con el fin de localizar a sus familiares.<\/p>\n\n\n\n<p>Segundo accidente<\/p>\n\n\n\n<p>En Amatitl\u00e1n de Azueta, el conductor de otra motocicleta result\u00f3 lesionado tras ser impactado, presuntamente, por un veh\u00edculo que se dio a la fuga.<\/p>\n\n\n\n<p>Param\u00e9dicos del Grupo K8 de Rescate Voluntario de Acatl\u00e1n de Osorio valoraron al herido, quien fue ingresado al Hospital General de Acatl\u00e1n de Osorio (HGAO) para recibir atenci\u00f3n m\u00e9dica.<\/p>\n\n\n\n<p>La Polic\u00eda Municipal de Acatl\u00e1n tambi\u00e9n acudi\u00f3 para acordonar la escena del accidente.<\/p>\n","protected":false},"excerpt":{"rendered":"<p>Dos motociclistas muertos fue el saldo de un doble accidente ocurrido en el puente de la carretera federal n\u00famero 160, que conecta a Iz\u00facar de Matamoros con Jantetelco. Las v\u00edctimas viajaban este domingo en las motos que quedaron sobre el mismo carril, luego de derrapar. Elementos de la Polic\u00eda Municipal de Tepexco llegaron al sitio [&hellip;]<\/p>\n","protected":false},"author":4,"featured_media":53745,"comment_status":"open","ping_status":"open","sticky":false,"template":"","format":"standard","meta":{"om_disable_all_campaigns":false,"_monsterinsights_skip_tracking":false,"_monsterinsights_sitenote_active":false,"_monsterinsights_sitenote_note":"","_monsterinsights_sitenote_category":0,"footnotes":""},"categories":[175],"tags":[223],"class_list":["post-53744","post","type-post","status-publish","format-standard","has-post-thumbnail","hentry","category-local","tag-puebla"],"amp_enabled":true,"_links":{"self":[{"href":"https:\/\/lahora.mx\/index.php\/wp-json\/wp\/v2\/posts\/53744","targetHints":{"allow":["GET"]}}],"collection":[{"href":"https:\/\/lahora.mx\/index.php\/wp-json\/wp\/v2\/posts"}],"about":[{"href":"https:\/\/lahora.mx\/index.php\/wp-json\/wp\/v2\/types\/post"}],"author":[{"embeddable":true,"href":"https:\/\/lahora.mx\/index.php\/wp-json\/wp\/v2\/users\/4"}],"replies":[{"embeddable":true,"href":"https:\/\/lahora.mx\/index.php\/wp-json\/wp\/v2\/comments?post=53744"}],"version-history":[{"count":1,"href":"https:\/\/lahora.mx\/index.php\/wp-json\/wp\/v2\/posts\/53744\/revisions"}],"predecessor-version":[{"id":53746,"href":"https:\/\/lahora.mx\/index.php\/wp-json\/wp\/v2\/posts\/53744\/revisions\/53746"}],"wp:featuredmedia":[{"embeddable":true,"href":"https:\/\/lahora.mx\/index.php\/wp-json\/wp\/v2\/media\/53745"}],"wp:attachment":[{"href":"https:\/\/lahora.mx\/index.php\/wp-json\/wp\/v2\/media?parent=53744"}],"wp:term":[{"taxonomy":"category","embeddable":true,"href":"https:\/\/lahora.mx\/index.php\/wp-json\/wp\/v2\/categories?post=53744"},{"taxonomy":"post_tag","embeddable":true,"href":"https:\/\/lahora.mx\/index.php\/wp-json\/wp\/v2\/tags?post=53744"}],"curies":[{"name":"wp","href":"https:\/\/api.w.org\/{rel}","templated":true}]}}