{"id":53738,"date":"2024-10-21T16:56:37","date_gmt":"2024-10-21T16:56:37","guid":{"rendered":"http:\/\/lahora.mx\/?p=53738"},"modified":"2024-10-21T16:56:37","modified_gmt":"2024-10-21T16:56:37","slug":"tres-muertos-tras-accidentes-viales-en-puebla-esta-manana","status":"publish","type":"post","link":"https:\/\/lahora.mx\/index.php\/2024\/10\/21\/tres-muertos-tras-accidentes-viales-en-puebla-esta-manana\/","title":{"rendered":"Tres muertos tras Accidentes viales en Puebla  esta ma\u00f1ana"},"content":{"rendered":"\n<p>En la ciudad de Puebla murieron tres personas al ser v\u00edctimas de accidentes viales como volcaduras, choques y atropellamientos; los hechos ocurrieron en vialidades como el Perif\u00e9rico Ecol\u00f3gico, la autopista M\u00e9xico-Puebla y la 16 de Septiembre.<\/p>\n\n\n\n<p>Las v\u00edctimas, todas eran hombres cuyas edades oscilaron entre los 21 a\u00f1os hasta los 75 a\u00f1os de edad; de su muerte, al menos dos de los responsables huyeron.<\/p>\n\n\n\n<p>Primer accidente vial<br>El primer accidente vial se registr\u00f3 en la 16 de Septiembre y 119 Oriente cuando una camioneta Chevrolet atropell\u00f3 a un se\u00f1or de la tercera edad que se dispon\u00eda a cruzar la vialidad.<\/p>\n\n\n\n<p>El responsable, tras haber embestido a la v\u00edctima, hizo una maniobra para huir del lugar; vecinos tomaron fotograf\u00edas a la unidad, las cuales ya fueron difundidas en redes sociales para dar con su paradero.<\/p>\n\n\n\n<p>El hombre, de 75 a\u00f1os de edad, no resisti\u00f3 debido a que la ambulancia tard\u00f3 cerca de 30 minutos en llegar para atenderlo, pues los golpes eran severos y ya hab\u00eda perdido sangre, por lo que su cuerpo qued\u00f3 tendido en el pavimento.<\/p>\n\n\n\n<p>Segunda v\u00edctima de accidente vial<br>El segundo accidente vial ocurri\u00f3 el s\u00e1bado por la ma\u00f1ana, cuando se report\u00f3 la volcadura de una camioneta Nissan en el Perif\u00e9rico Ecol\u00f3gico; la unidad termin\u00f3 fuera de camino.<\/p>\n\n\n\n<p>Cuando al sitio acudieron agentes policiacos y una ambulancia solo confirmaron el deceso del conductor, el cual qued\u00f3 dentro de la unidad; el hombre fue identificado como V\u00edctor de 21 a\u00f1os de edad.<\/p>\n\n\n\n<p>De manera extraoficial, se indic\u00f3 que este hecho habr\u00eda ocurrido porque el chofer conduc\u00eda la camioneta a exceso de velocidad sobre el Perif\u00e9rico Ecol\u00f3gico, por lo mismo habr\u00eda perdido el control y al dar un volantazo hacia la izquierda, hizo que el veh\u00edculo volcara.<\/p>\n\n\n\n<p>Accidente vial en la autopista M\u00e9xico-Puebla<br>Finalmente, el tercer accidente vial ocurri\u00f3 la madrugada de este lunes en la autopista M\u00e9xico-Puebla, a la altura de Sanctorum o Parque Finsa, donde un motociclista identificado como Jos\u00e9, choc\u00f3 contra la estructura de la vialidad tras derrapar su motocicleta, lo que le provoc\u00f3 la muerte.<\/p>\n","protected":false},"excerpt":{"rendered":"<p>En la ciudad de Puebla murieron tres personas al ser v\u00edctimas de accidentes viales como volcaduras, choques y atropellamientos; los hechos ocurrieron en vialidades como el Perif\u00e9rico Ecol\u00f3gico, la autopista M\u00e9xico-Puebla y la 16 de Septiembre. Las v\u00edctimas, todas eran hombres cuyas edades oscilaron entre los 21 a\u00f1os hasta los 75 a\u00f1os de edad; de [&hellip;]<\/p>\n","protected":false},"author":4,"featured_media":53739,"comment_status":"open","ping_status":"open","sticky":false,"template":"","format":"standard","meta":{"om_disable_all_campaigns":false,"_monsterinsights_skip_tracking":false,"_monsterinsights_sitenote_active":false,"_monsterinsights_sitenote_note":"","_monsterinsights_sitenote_category":0,"footnotes":""},"categories":[175,2,226],"tags":[223],"class_list":["post-53738","post","type-post","status-publish","format-standard","has-post-thumbnail","hentry","category-local","category-negocios","category-policia","tag-puebla"],"amp_enabled":true,"_links":{"self":[{"href":"https:\/\/lahora.mx\/index.php\/wp-json\/wp\/v2\/posts\/53738","targetHints":{"allow":["GET"]}}],"collection":[{"href":"https:\/\/lahora.mx\/index.php\/wp-json\/wp\/v2\/posts"}],"about":[{"href":"https:\/\/lahora.mx\/index.php\/wp-json\/wp\/v2\/types\/post"}],"author":[{"embeddable":true,"href":"https:\/\/lahora.mx\/index.php\/wp-json\/wp\/v2\/users\/4"}],"replies":[{"embeddable":true,"href":"https:\/\/lahora.mx\/index.php\/wp-json\/wp\/v2\/comments?post=53738"}],"version-history":[{"count":1,"href":"https:\/\/lahora.mx\/index.php\/wp-json\/wp\/v2\/posts\/53738\/revisions"}],"predecessor-version":[{"id":53740,"href":"https:\/\/lahora.mx\/index.php\/wp-json\/wp\/v2\/posts\/53738\/revisions\/53740"}],"wp:featuredmedia":[{"embeddable":true,"href":"https:\/\/lahora.mx\/index.php\/wp-json\/wp\/v2\/media\/53739"}],"wp:attachment":[{"href":"https:\/\/lahora.mx\/index.php\/wp-json\/wp\/v2\/media?parent=53738"}],"wp:term":[{"taxonomy":"category","embeddable":true,"href":"https:\/\/lahora.mx\/index.php\/wp-json\/wp\/v2\/categories?post=53738"},{"taxonomy":"post_tag","embeddable":true,"href":"https:\/\/lahora.mx\/index.php\/wp-json\/wp\/v2\/tags?post=53738"}],"curies":[{"name":"wp","href":"https:\/\/api.w.org\/{rel}","templated":true}]}}