{"id":53685,"date":"2024-10-19T01:38:04","date_gmt":"2024-10-19T01:38:04","guid":{"rendered":"http:\/\/lahora.mx\/?p=53685"},"modified":"2024-10-19T01:38:05","modified_gmt":"2024-10-19T01:38:05","slug":"potencial-ciclon-tropical-15-pone-en-alerta-a-qroo","status":"publish","type":"post","link":"https:\/\/lahora.mx\/index.php\/2024\/10\/19\/potencial-ciclon-tropical-15-pone-en-alerta-a-qroo\/","title":{"rendered":"Potencial cicl\u00f3n tropical 15 pone en alerta a QRoo"},"content":{"rendered":"\n<p>La Comisi\u00f3n Nacional del Agua (Conagua) inform\u00f3 este viernes 18 de octubre sobre la formaci\u00f3n del potencial cicl\u00f3n tropical Quince, su trayectoria y las lluvias que provocar\u00eda en algunas partes del pa\u00eds.<\/p>\n\n\n\n<p>En conferencia de prensa, la coordinadora general del Servicio Meteorol\u00f3gico Nacional, Alejandra M\u00e9ndez Gir\u00f3n, inform\u00f3 que a las 3:00 de la tarde el centro del potencial cicl\u00f3n tropical Quince se localiz\u00f3 a 315 kil\u00f3metros (km) al este-sureste de Puerto Costa Maya, Quintana Roo, y a 340 km al este de Ciudad Belice, con vientos de 55 kil\u00f3metros por hora (km \/h) y rachas de 75 km\/h; se desplaza hacia el oeste-noroeste a 11 km\/h.<\/p>\n\n\n\n<p>\u00bfCu\u00e1l ser\u00e1 la trayectoria del cicl\u00f3n tropical 15?<br>M\u00e9ndez Gir\u00f3n detall\u00f3 que se estableci\u00f3 una zona de vigilancia por efectos de tormenta tropical desde Chetumal hasta Tulum, Quintana Roo.<\/p>\n\n\n\n<p>Explic\u00f3 que esta tarde-noche, se espera que el potencial cicl\u00f3n tropical Quince contin\u00fae desplaz\u00e1ndose hacia el oeste-noroeste; es decir, en direcci\u00f3n hacia las costas del sur de Quintana Roo y Belice.<br>Con solo $100, puedes invertir en Amazon CFD y comenzar a obtener ingresos adicionales<br>Kaspersky for Small Office<br>\u00bfSin conocimientos inform\u00e1ticos? No hay problema Mant\u00e9ngase seguro<br>\u201cSe prev\u00e9 que pueda intensificarse a la tormenta tropical \u2018Nadine\u2019, durante la ma\u00f1ana del s\u00e1bado y toque tierra entre el sur de Quintana Roo y norte de Belice, a mediod\u00eda del 19 de octubre\u201d, indic\u00f3 la funcionaria.<\/p>\n\n\n\n<p>Prev\u00e9n que luego de tocar tierra, se degrade a una baja presi\u00f3n remanente y se desplace, durante este fin de semana, sobre el sur de Campeche, Tabasco, sur de Veracruz, Oaxaca y Chiapas.<br>La Conagua detall\u00f3 que las bandas nubosas de este sistema ocasionan lluvias en los estados de Yucat\u00e1n y Quintana Roo.<\/p>\n\n\n\n<p>En su trayectoria, dejar\u00e1 lluvias de intensas a torrenciales en Quintana Roo, Campeche, Yucat\u00e1n, Tabasco, Veracruz, Oaxaca y Chiapas.<\/p>\n\n\n\n<p>Adem\u00e1s, se esperan vientos de 60 a 80 km\/h, posible formaci\u00f3n de trombas marinas y oleaje de 2 a 4 metros de altura en costas de Campeche, Yucat\u00e1n y Quintana Roo, as\u00ed como viento de componente norte de 60 a 80 km\/h sobre el Istmo y Golfo de Tehuantepec.<\/p>\n\n\n\n<p>La coordinadora general del Servicio Meteorol\u00f3gico Nacional, Alejandra M\u00e9ndez Gir\u00f3n, indic\u00f3 que las lluvias podr\u00edan ocasionar deslaves, inundaciones y aumento en los r\u00edos y arroyos, de los estados antes mencionados.<\/p>\n\n\n\n<p>Agreg\u00f3 que se esperan lluvias acumuladas, en el periodo del 18 al 21 de octubre, en: Veracruz y Oaxaca, 400 a 500 mil\u00edmetros (mm); Tabasco, Chiapas y Quintana Roo, 200 a 300 mm, y Yucat\u00e1n y Campeche, 100 a 200 mm.<\/p>\n\n\n\n<p>Recomendaciones ante la llegada del cicl\u00f3n tropical<br>Las autoridades llamaron a las embarcaciones mar\u00edtimas a extremar precauciones y a los puertos que se encuentran en Quintana Roo, Yucat\u00e1n, Campeche, Tabasco, Sur de Veracruz, Oaxaca y Chiapas.<\/p>\n\n\n\n<p>A la poblaci\u00f3n en general, se exhort\u00f3 estar atentos a las recomendaciones que emita el Sistema Nacional de Protecci\u00f3n Civil y a los avisos y boletines que emite el Servicio Meteorol\u00f3gico Nacional, de la Conagua.<\/p>\n","protected":false},"excerpt":{"rendered":"<p>La Comisi\u00f3n Nacional del Agua (Conagua) inform\u00f3 este viernes 18 de octubre sobre la formaci\u00f3n del potencial cicl\u00f3n tropical Quince, su trayectoria y las lluvias que provocar\u00eda en algunas partes del pa\u00eds. En conferencia de prensa, la coordinadora general del Servicio Meteorol\u00f3gico Nacional, Alejandra M\u00e9ndez Gir\u00f3n, inform\u00f3 que a las 3:00 de la tarde el [&hellip;]<\/p>\n","protected":false},"author":4,"featured_media":53686,"comment_status":"open","ping_status":"open","sticky":false,"template":"","format":"standard","meta":{"om_disable_all_campaigns":false,"_monsterinsights_skip_tracking":false,"_monsterinsights_sitenote_active":false,"_monsterinsights_sitenote_note":"","_monsterinsights_sitenote_category":0,"footnotes":""},"categories":[176],"tags":[],"class_list":["post-53685","post","type-post","status-publish","format-standard","has-post-thumbnail","hentry","category-nacional"],"amp_enabled":true,"_links":{"self":[{"href":"https:\/\/lahora.mx\/index.php\/wp-json\/wp\/v2\/posts\/53685","targetHints":{"allow":["GET"]}}],"collection":[{"href":"https:\/\/lahora.mx\/index.php\/wp-json\/wp\/v2\/posts"}],"about":[{"href":"https:\/\/lahora.mx\/index.php\/wp-json\/wp\/v2\/types\/post"}],"author":[{"embeddable":true,"href":"https:\/\/lahora.mx\/index.php\/wp-json\/wp\/v2\/users\/4"}],"replies":[{"embeddable":true,"href":"https:\/\/lahora.mx\/index.php\/wp-json\/wp\/v2\/comments?post=53685"}],"version-history":[{"count":1,"href":"https:\/\/lahora.mx\/index.php\/wp-json\/wp\/v2\/posts\/53685\/revisions"}],"predecessor-version":[{"id":53687,"href":"https:\/\/lahora.mx\/index.php\/wp-json\/wp\/v2\/posts\/53685\/revisions\/53687"}],"wp:featuredmedia":[{"embeddable":true,"href":"https:\/\/lahora.mx\/index.php\/wp-json\/wp\/v2\/media\/53686"}],"wp:attachment":[{"href":"https:\/\/lahora.mx\/index.php\/wp-json\/wp\/v2\/media?parent=53685"}],"wp:term":[{"taxonomy":"category","embeddable":true,"href":"https:\/\/lahora.mx\/index.php\/wp-json\/wp\/v2\/categories?post=53685"},{"taxonomy":"post_tag","embeddable":true,"href":"https:\/\/lahora.mx\/index.php\/wp-json\/wp\/v2\/tags?post=53685"}],"curies":[{"name":"wp","href":"https:\/\/api.w.org\/{rel}","templated":true}]}}