{"id":53678,"date":"2024-10-19T01:30:44","date_gmt":"2024-10-19T01:30:44","guid":{"rendered":"http:\/\/lahora.mx\/?p=53678"},"modified":"2024-10-19T01:30:44","modified_gmt":"2024-10-19T01:30:44","slug":"para-tomar-las-decisiones-correctas-es-necesario-escuchar-a-la-gente-menciona-la-gobernadora-lorena-cuellar-cisneros","status":"publish","type":"post","link":"https:\/\/lahora.mx\/index.php\/2024\/10\/19\/para-tomar-las-decisiones-correctas-es-necesario-escuchar-a-la-gente-menciona-la-gobernadora-lorena-cuellar-cisneros\/","title":{"rendered":"Para tomar las decisiones correctas, es necesario escuchar a la gente menciona la gobernadora Lorena Cu\u00e9llar Cisneros"},"content":{"rendered":"\n<p>La gobernadora Lorena Cu\u00e9llar Cisneros tom\u00f3 protesta a los nuevos integrantes del Comit\u00e9 Consultivo de Bienestar y Desarrollo Social de Tlaxcala, para el periodo 2024-2027, a quienes llam\u00f3 a priorizar la atenci\u00f3n de las necesidades de las familias m\u00e1s vulnerables y fortalecer el combate a la pobreza y carencia alimentaria.<\/p>\n\n\n\n<p>Son fundamentales los modelos de cuidado ante la vejez, aseguran durante Congreso Internacional Envejecimiento en Am\u00e9rica Latina<\/p>\n\n\n\n<div class=\"wp-block-group is-nowrap is-layout-flex wp-container-core-group-is-layout-ad2f72ca wp-block-group-is-layout-flex\">\n<p>\u201cQuiero darles la bienvenida a los nuevos integrantes de este cuerpo colegiado que fueron electos con esmero y que para m\u00ed era importante tomar en cuenta a personas con profundo amor por Tlaxcala. Hoy su compromiso y dedicaci\u00f3n se suman al esfuerzo compartido para continuar combatiendo la pobreza y desigualdad en Tlaxcala\u201d afirm\u00f3.<\/p>\n<\/div>\n\n\n\n<p>Enfatiz\u00f3 que, a tres a\u00f1os de gobierno, los avances han sido significativos y muestra de ello es que la entidad est\u00e1 a punto de lograr el 100 por ciento de cobertura en servicios b\u00e1sicos como luz y agua en todas las viviendas del estado.<\/p>\n\n\n\n<p><\/p>\n","protected":false},"excerpt":{"rendered":"<p>La gobernadora Lorena Cu\u00e9llar Cisneros tom\u00f3 protesta a los nuevos integrantes del Comit\u00e9 Consultivo de Bienestar y Desarrollo Social de Tlaxcala, para el periodo 2024-2027, a quienes llam\u00f3 a priorizar la atenci\u00f3n de las necesidades de las familias m\u00e1s vulnerables y fortalecer el combate a la pobreza y carencia alimentaria. Son fundamentales los modelos de [&hellip;]<\/p>\n","protected":false},"author":4,"featured_media":53680,"comment_status":"open","ping_status":"open","sticky":false,"template":"","format":"standard","meta":{"om_disable_all_campaigns":false,"_monsterinsights_skip_tracking":false,"_monsterinsights_sitenote_active":false,"_monsterinsights_sitenote_note":"","_monsterinsights_sitenote_category":0,"footnotes":""},"categories":[175],"tags":[223,210],"class_list":["post-53678","post","type-post","status-publish","format-standard","has-post-thumbnail","hentry","category-local","tag-puebla","tag-tlaxcala"],"amp_enabled":true,"_links":{"self":[{"href":"https:\/\/lahora.mx\/index.php\/wp-json\/wp\/v2\/posts\/53678","targetHints":{"allow":["GET"]}}],"collection":[{"href":"https:\/\/lahora.mx\/index.php\/wp-json\/wp\/v2\/posts"}],"about":[{"href":"https:\/\/lahora.mx\/index.php\/wp-json\/wp\/v2\/types\/post"}],"author":[{"embeddable":true,"href":"https:\/\/lahora.mx\/index.php\/wp-json\/wp\/v2\/users\/4"}],"replies":[{"embeddable":true,"href":"https:\/\/lahora.mx\/index.php\/wp-json\/wp\/v2\/comments?post=53678"}],"version-history":[{"count":1,"href":"https:\/\/lahora.mx\/index.php\/wp-json\/wp\/v2\/posts\/53678\/revisions"}],"predecessor-version":[{"id":53681,"href":"https:\/\/lahora.mx\/index.php\/wp-json\/wp\/v2\/posts\/53678\/revisions\/53681"}],"wp:featuredmedia":[{"embeddable":true,"href":"https:\/\/lahora.mx\/index.php\/wp-json\/wp\/v2\/media\/53680"}],"wp:attachment":[{"href":"https:\/\/lahora.mx\/index.php\/wp-json\/wp\/v2\/media?parent=53678"}],"wp:term":[{"taxonomy":"category","embeddable":true,"href":"https:\/\/lahora.mx\/index.php\/wp-json\/wp\/v2\/categories?post=53678"},{"taxonomy":"post_tag","embeddable":true,"href":"https:\/\/lahora.mx\/index.php\/wp-json\/wp\/v2\/tags?post=53678"}],"curies":[{"name":"wp","href":"https:\/\/api.w.org\/{rel}","templated":true}]}}