{"id":53642,"date":"2024-10-18T03:36:34","date_gmt":"2024-10-18T03:36:34","guid":{"rendered":"http:\/\/lahora.mx\/?p=53642"},"modified":"2024-10-18T03:36:34","modified_gmt":"2024-10-18T03:36:34","slug":"jueza-ordena-a-la-presidenta-claudia-sheinbaum-eliminar-la-reforma-judicial-del-dof","status":"publish","type":"post","link":"https:\/\/lahora.mx\/index.php\/2024\/10\/18\/jueza-ordena-a-la-presidenta-claudia-sheinbaum-eliminar-la-reforma-judicial-del-dof\/","title":{"rendered":"Jueza ordena a la presidenta Claudia Sheinbaum eliminar la reforma judicial del DOF"},"content":{"rendered":"\n<p>Nancy Ju\u00e1rez Salas, jueza federal, exigi\u00f3 a la presidenta Claudia Sheinbaum Pardo eliminar la Reforma al Poder Judicial, publicada el 15 de septiembre en el Diario Oficial de la Federaci\u00f3n (DOF).<\/p>\n\n\n\n<p>De acuerdo con la titular del Juzgado D\u00e9cimo Noveno de Distrito de Veracruz, inform\u00f3 que la mandataria federal incumpli\u00f3 con la suspensi\u00f3n provisional de no publicar en el DOF la reforma judicial, menciona el medio Latinus.<\/p>\n\n\n\n<p>Es por ello que la jueza orden\u00f3 eliminar la publicaci\u00f3n en un plazo de 24 horas, pero de no cumplirse, se dar\u00e1 vista al Ministerio P\u00fablico de la Federaci\u00f3n, el cual impondr\u00e1 una pena de tres a 9 a\u00f1os de prisi\u00f3n, o la destituci\u00f3n de su puesto.<\/p>\n\n\n\n<p>Reforma judicial ya es oficial, no se puede eliminar: Claudia Sheinbaum<br>El 3 de octubre de este a\u00f1o, Claudia Sheinbaum Pardo, exhort\u00f3 que la reforma judicial ya era Constitucional, as\u00ed que ya no se pod\u00eda eliminar.<\/p>\n\n\n\n<p>Incluso resalt\u00f3 que ninguna instancia nacional o internacional impedir\u00eda la reforma luego de que cumpliera todos los requisitos del proceso para su Constitucionalizaci\u00f3n.<\/p>\n","protected":false},"excerpt":{"rendered":"<p>Nancy Ju\u00e1rez Salas, jueza federal, exigi\u00f3 a la presidenta Claudia Sheinbaum Pardo eliminar la Reforma al Poder Judicial, publicada el 15 de septiembre en el Diario Oficial de la Federaci\u00f3n (DOF). De acuerdo con la titular del Juzgado D\u00e9cimo Noveno de Distrito de Veracruz, inform\u00f3 que la mandataria federal incumpli\u00f3 con la suspensi\u00f3n provisional de [&hellip;]<\/p>\n","protected":false},"author":4,"featured_media":53643,"comment_status":"open","ping_status":"open","sticky":false,"template":"","format":"standard","meta":{"om_disable_all_campaigns":false,"_monsterinsights_skip_tracking":false,"_monsterinsights_sitenote_active":false,"_monsterinsights_sitenote_note":"","_monsterinsights_sitenote_category":0,"footnotes":""},"categories":[176],"tags":[223],"class_list":["post-53642","post","type-post","status-publish","format-standard","has-post-thumbnail","hentry","category-nacional","tag-puebla"],"amp_enabled":true,"_links":{"self":[{"href":"https:\/\/lahora.mx\/index.php\/wp-json\/wp\/v2\/posts\/53642","targetHints":{"allow":["GET"]}}],"collection":[{"href":"https:\/\/lahora.mx\/index.php\/wp-json\/wp\/v2\/posts"}],"about":[{"href":"https:\/\/lahora.mx\/index.php\/wp-json\/wp\/v2\/types\/post"}],"author":[{"embeddable":true,"href":"https:\/\/lahora.mx\/index.php\/wp-json\/wp\/v2\/users\/4"}],"replies":[{"embeddable":true,"href":"https:\/\/lahora.mx\/index.php\/wp-json\/wp\/v2\/comments?post=53642"}],"version-history":[{"count":1,"href":"https:\/\/lahora.mx\/index.php\/wp-json\/wp\/v2\/posts\/53642\/revisions"}],"predecessor-version":[{"id":53644,"href":"https:\/\/lahora.mx\/index.php\/wp-json\/wp\/v2\/posts\/53642\/revisions\/53644"}],"wp:featuredmedia":[{"embeddable":true,"href":"https:\/\/lahora.mx\/index.php\/wp-json\/wp\/v2\/media\/53643"}],"wp:attachment":[{"href":"https:\/\/lahora.mx\/index.php\/wp-json\/wp\/v2\/media?parent=53642"}],"wp:term":[{"taxonomy":"category","embeddable":true,"href":"https:\/\/lahora.mx\/index.php\/wp-json\/wp\/v2\/categories?post=53642"},{"taxonomy":"post_tag","embeddable":true,"href":"https:\/\/lahora.mx\/index.php\/wp-json\/wp\/v2\/tags?post=53642"}],"curies":[{"name":"wp","href":"https:\/\/api.w.org\/{rel}","templated":true}]}}