{"id":53594,"date":"2024-10-17T16:26:28","date_gmt":"2024-10-17T16:26:28","guid":{"rendered":"http:\/\/lahora.mx\/?p=53594"},"modified":"2024-10-17T16:26:28","modified_gmt":"2024-10-17T16:26:28","slug":"la-presidenta-claudia-sheinbaum-arremete-contra-felipe-calderon-por-garcia-luna","status":"publish","type":"post","link":"https:\/\/lahora.mx\/index.php\/2024\/10\/17\/la-presidenta-claudia-sheinbaum-arremete-contra-felipe-calderon-por-garcia-luna\/","title":{"rendered":"La presidenta Claudia Sheinbaum arremete contra Felipe Calder\u00f3n por Garc\u00eda Luna"},"content":{"rendered":"\n<p>La presidenta Claudia Sheinbaum reaccion\u00f3 a la condena de 38 a\u00f1os de c\u00e1rcel impuesta a Genaro Garc\u00eda Luna y arremeti\u00f3 conta el expresidente Felipe Calder\u00f3n al se\u00f1alar que design\u00f3 a un narcotraficante al frente de su estrategia de seguridad en su gobierno.<\/p>\n\n\n\n<p>Durante la ma\u00f1anera del pueblo, desde Palacio Nacional, advirti\u00f3 que la degradaci\u00f3n y la decadencia del sexenio de Felipe Calder\u00f3n fue haber declarado una guerra en su propio pa\u00eds.<\/p>\n\n\n\n<p>\u201cAhora resulta que, durante seis a\u00f1os, Calder\u00f3n no se dio cuenta que Garc\u00eda Luna estaba coludido al menos con el C\u00e1rtel de Sinaloa (\u2026) un peque\u00f1o error, puso a un narcotraficante en su estrategia de seguridad\u201d, enfatiz\u00f3 la presidenta.<\/p>\n\n\n\n<p>Asimismo, Claudia Sheinbaum reproch\u00f3 que, en cinco a\u00f1os de juicio contra Genaro Garc\u00eda Luna, Felipe Calder\u00f3n no pudo investigar sobre el exsecretario de Seguridad.<\/p>\n\n\n\n<p>La presidenta puntualiz\u00f3 que en su gobierno no regresar\u00e1 la guerra contra el narcotr\u00e1fico y reiter\u00f3 que tiene la certeza de haber colocado a un equipo honesto al frente de la seguridad nacional.<\/p>\n\n\n\n<p>\u201cNo puede haber hipocres\u00eda, ahora muchos se est\u00e1n deslindando del asunto, incluyendo a los panistas\u201d, dijo.<\/p>\n\n\n\n<p>Y a\u00f1adi\u00f3 que durante el sexenio de Felipe Calder\u00f3n se degrad\u00f3 el pa\u00eds: \u201cTengan la certeza de que jam\u00e1s habr\u00e1 colusi\u00f3n o corrupci\u00f3n en el gobierno\u201d, refiri\u00f3.<\/p>\n","protected":false},"excerpt":{"rendered":"<p>La presidenta Claudia Sheinbaum reaccion\u00f3 a la condena de 38 a\u00f1os de c\u00e1rcel impuesta a Genaro Garc\u00eda Luna y arremeti\u00f3 conta el expresidente Felipe Calder\u00f3n al se\u00f1alar que design\u00f3 a un narcotraficante al frente de su estrategia de seguridad en su gobierno. Durante la ma\u00f1anera del pueblo, desde Palacio Nacional, advirti\u00f3 que la degradaci\u00f3n y [&hellip;]<\/p>\n","protected":false},"author":4,"featured_media":53595,"comment_status":"open","ping_status":"open","sticky":false,"template":"","format":"standard","meta":{"om_disable_all_campaigns":false,"_monsterinsights_skip_tracking":false,"_monsterinsights_sitenote_active":false,"_monsterinsights_sitenote_note":"","_monsterinsights_sitenote_category":0,"footnotes":""},"categories":[176],"tags":[195],"class_list":["post-53594","post","type-post","status-publish","format-standard","has-post-thumbnail","hentry","category-nacional","tag-principal"],"amp_enabled":true,"_links":{"self":[{"href":"https:\/\/lahora.mx\/index.php\/wp-json\/wp\/v2\/posts\/53594","targetHints":{"allow":["GET"]}}],"collection":[{"href":"https:\/\/lahora.mx\/index.php\/wp-json\/wp\/v2\/posts"}],"about":[{"href":"https:\/\/lahora.mx\/index.php\/wp-json\/wp\/v2\/types\/post"}],"author":[{"embeddable":true,"href":"https:\/\/lahora.mx\/index.php\/wp-json\/wp\/v2\/users\/4"}],"replies":[{"embeddable":true,"href":"https:\/\/lahora.mx\/index.php\/wp-json\/wp\/v2\/comments?post=53594"}],"version-history":[{"count":1,"href":"https:\/\/lahora.mx\/index.php\/wp-json\/wp\/v2\/posts\/53594\/revisions"}],"predecessor-version":[{"id":53596,"href":"https:\/\/lahora.mx\/index.php\/wp-json\/wp\/v2\/posts\/53594\/revisions\/53596"}],"wp:featuredmedia":[{"embeddable":true,"href":"https:\/\/lahora.mx\/index.php\/wp-json\/wp\/v2\/media\/53595"}],"wp:attachment":[{"href":"https:\/\/lahora.mx\/index.php\/wp-json\/wp\/v2\/media?parent=53594"}],"wp:term":[{"taxonomy":"category","embeddable":true,"href":"https:\/\/lahora.mx\/index.php\/wp-json\/wp\/v2\/categories?post=53594"},{"taxonomy":"post_tag","embeddable":true,"href":"https:\/\/lahora.mx\/index.php\/wp-json\/wp\/v2\/tags?post=53594"}],"curies":[{"name":"wp","href":"https:\/\/api.w.org\/{rel}","templated":true}]}}