{"id":53581,"date":"2024-10-17T00:01:59","date_gmt":"2024-10-17T00:01:59","guid":{"rendered":"http:\/\/lahora.mx\/?p=53581"},"modified":"2024-10-17T00:01:59","modified_gmt":"2024-10-17T00:01:59","slug":"genaro-garcia-luna-sentenciado-a-38-anos-de-carcel-por-narcotrafico-y-delincuencia-organizada","status":"publish","type":"post","link":"https:\/\/lahora.mx\/index.php\/2024\/10\/17\/genaro-garcia-luna-sentenciado-a-38-anos-de-carcel-por-narcotrafico-y-delincuencia-organizada\/","title":{"rendered":"Genaro Garc\u00eda Luna, sentenciado a 38 a\u00f1os de c\u00e1rcel por narcotr\u00e1fico y delincuencia organizada"},"content":{"rendered":"\n<p>Treinta y ocho a\u00f1os de prisi\u00f3n. Esa es la sentencia que Estados Unidos impuso este mi\u00e9rcoles a Genaro Garc\u00eda Luna, antiguo zar antidrogas y secretario de Seguridad P\u00fablica del expresidente Felipe Calder\u00f3n. El exfuncionario de 56 a\u00f1os, alguna vez considerado uno de los hombres m\u00e1s poderosos y temidos de M\u00e9xico, sell\u00f3 su destino en la Corte del Distrito Este de Nueva York \u2015en el mismo tribunal y ante el mismo juez que conden\u00f3 a Joaqu\u00edn El Chapo Guzm\u00e1n en octubre de 2019\u2015 por recibir sobornos millonarios y colaborar durante m\u00e1s de dos d\u00e9cadas con el Cartel de Sinaloa. Garc\u00eda Luna ha sido el pol\u00edtico mexicano de m\u00e1s alto rango que ha pisado una corte estadounidense. Ser\u00e1 tambi\u00e9n el primer alto mando que purgue una condena en una c\u00e1rcel de ese pa\u00eds. El juez Brian Cogan, adem\u00e1s, le ha impuesto una multa de dos millones de d\u00f3lares.<\/p>\n\n\n\n<p>\u201cNo voy a sentenciarlo de por vida, voy a dejarle un poco de luz al final del t\u00fanel\u201d, afirm\u00f3 el juez Cogan antes de dictar una sentencia hist\u00f3rica de 460 meses de prisi\u00f3n. Cogan no concedi\u00f3 la cadena perpetua que exig\u00eda la Fiscal\u00eda ni los 20 a\u00f1os, la pena m\u00ednima, que ped\u00eda la defensa, pero fue implacable y no dud\u00f3. \u201cUsted tiene la misma matoner\u00eda que El Chapo, s\u00f3lo que la manifiesta de forma diferente\u201d, asegur\u00f3, mientras la mirada del acusado se nublaba y luc\u00eda completamente derrotado. El juez castig\u00f3 la \u201cdoble vida\u201d del exsecretario, que aprovech\u00f3 sus cargos en lo m\u00e1s alto del Gobierno mexicano para favorecer y colaborar con el Cartel de Sinaloa durante m\u00e1s de dos d\u00e9cadas. Ese fue su argumento principal para dictar la pena. \u201cUsted es culpable, se\u00f1or\u201d, zanj\u00f3.<\/p>\n\n\n\n<p>\u201cYo no he cometido ninguno de estos delitos\u201d, dijo Garc\u00eda Luna al dirigirse por primera vez al tribunal que sell\u00f3 su destino. El exsecretario apareci\u00f3 con un traje oscuro, el semblante r\u00edgido y el ce\u00f1o fruncido, pero mientras avanzaba la audiencia, su armadura empez\u00f3 a hacer mella y agach\u00f3 la cabeza cuando intervino el juez, el \u00faltimo en tomar la palabra. El exfuncionario asegur\u00f3 que su caso estaba atravesado por \u201cintereses pol\u00edticos\u201d, insisti\u00f3 en su buen comportamiento y su legado como servidor p\u00fablico. \u201cDesde lo m\u00e1s profundo de mis sentimientos, le pido que me permita volver con mi familia\u201d, implor\u00f3, por un momento, con la voz entrecortada.<\/p>\n\n\n\n<p>\u201c\u00c9l ayud\u00f3 al cartel, \u00e9l protegi\u00f3 al cartel, \u00e9l era el cartel\u201d, afirm\u00f3 Saritha Komatireddy, la fiscal en jefe. \u201cUsted tiene muerte en sus manos\u201d, agreg\u00f3. Las autoridades estadounidenses buscaban sentar un precedente contra los funcionarios corruptos de M\u00e9xico, argument\u00f3 las enormes dificultades de llevarlo ante la justicia y asegur\u00f3 que el Cartel de Sinaloa no existir\u00eda sin la ayuda de funcionarios como Genaro Garc\u00eda Luna. \u201cEl mensaje que env\u00ede este tribunal ser\u00e1 incre\u00edblemente importante\u201d, asegur\u00f3 Komatireddy. \u201cM\u00e9xico no es una rep\u00fablica bananera, es un vecino importante\u201d, a\u00f1adi\u00f3 sobre la importancia del caso en comparaci\u00f3n con otros l\u00edderes latinoamericanos sentenciados en el sistema legal estadounidense.<\/p>\n\n\n\n<p>Tras un juicio de cinco semanas en febrero del a\u00f1o pasado, el veredicto del jurado fue un\u00e1nime. Garc\u00eda Luna fue declarado culpable de cinco delitos en la corte de Brooklyn: tres por conspiraci\u00f3n para traficar coca\u00edna, uno m\u00e1s por participar en una empresa criminal continua y otro por dar declaraciones falsas a las autoridades. La sentencia, prevista en un inicio para junio del a\u00f1o pasado, se retras\u00f3 en al menos cinco ocasiones debido a los pedidos de sus abogados para que se repitiera el juicio. El juez Cogan rechaz\u00f3 la solicitud el mes pasado, despu\u00e9s de que la Fiscal\u00eda destapara que el exsecretario ofreci\u00f3 sobornos de hasta dos millones de d\u00f3lares a otros presos para que declararan a su favor.<br><br>La defensa de Garc\u00eda Luna, encabezada por C\u00e9sar de Castro, defendi\u00f3 la inocencia de su cliente y anunci\u00f3 que apelar\u00e1 la condena. \u201c\u00bfPor qu\u00e9 20 a\u00f1os no son suficientes para un hombre que ya lo ha perdido todo?\u201d. Esa fue la tesis central en el posicionamiento de De Castro, que tampoco convenci\u00f3 al tribunal. El abogado fue increpado por un grupo de manifestantes al grito de \u201c38 a\u00f1os no son suficientes\u201d y que tambi\u00e9n confront\u00f3 a la esposa y la hija de Garc\u00eda Luna a su salida de la corte. El representante legal asegur\u00f3 que defender al exsecretario le vali\u00f3 \u201camenazas de muerte\u201d. \u201cCalder\u00f3n, Calder\u00f3n te espera la prisi\u00f3n\u201d, clam\u00f3 el colectivo, unos 30 simpatizantes de Morena, el partido gobernante en M\u00e9xico.<\/p>\n\n\n\n<p>La presidenta, Claudia Sheinbaum, llam\u00f3 \u201cc\u00ednico\u201d al exfuncionario, quien hizo llegar una carta al juez en la que pidi\u00f3 clemencia por \u00faltima vez, acus\u00f3 al Gobierno mexicano de fabricar \u201cinformaci\u00f3n falsa\u201d y critic\u00f3 la reforma judicial impulsada por el expresidente Andr\u00e9s Manuel L\u00f3pez Obrador. Sheinbaum arremeti\u00f3 tambi\u00e9n contra Calder\u00f3n y lo ret\u00f3 a pronunciarse sobre el caso. \u201cQueremos ver qu\u00e9 dice\u201d, dijo en su conferencia matutina.<\/p>\n\n\n\n<p>Cogan sostuvo que las ofensas cometidas \u201cson muy serias\u201d y \u201cgrav\u00edsimas\u201d. Tambi\u00e9n decidi\u00f3 imponer una multa millonaria al no dar credibilidad al estado financiero que present\u00f3 la defensa. \u201cEstoy seguro de que tiene algo de dinero escondido\u201d, afirm\u00f3. El juez, sin embargo, acept\u00f3 la recomendaci\u00f3n de que Garc\u00eda Luna sea trasladado a una c\u00e1rcel cerca de la zona metropolitana de Washington, donde reside su familia. La decisi\u00f3n sobre la prisi\u00f3n donde purgar\u00e1 la pena ser\u00e1 anunciada en pr\u00f3ximas fechas. Se dict\u00f3 tambi\u00e9n una condena concurrente de seis meses por el delito de falsedad de declaraciones, cinco a\u00f1os de libertad supervisada y una prohibici\u00f3n de entrada a Estados Unidos tras cumplir la sentencia. El destino del exfuncionario mexicano de m\u00e1s alto perfil que ha ca\u00eddo en una corte estadounidense qued\u00f3 escrito a las 17.21 horas.<\/p>\n\n\n\n<p>La audiencia de sentencia estuvo atravesada por una enorme tensi\u00f3n y nerviosismo, el aviso de un terremoto pol\u00edtico del otro lado del frontera. Despu\u00e9s del exsecretario ser\u00e1 Ismael El Mayo Zambada, cofundador y capo entre capos del Cartel de Sinaloa, quien se siente esta misma semana en el banquillo de los acusados en Nueva York, una vez m\u00e1s en la corte del juez Cogan. Tras la ca\u00edda de El Chapo y Garc\u00eda Luna, el proceso contra Zambada, capturado a finales de julio, se perfila como el pr\u00f3ximo thriller judicial protagonizado por los narcos de M\u00e9xico en Estados Unidos.<\/p>\n","protected":false},"excerpt":{"rendered":"<p>Treinta y ocho a\u00f1os de prisi\u00f3n. Esa es la sentencia que Estados Unidos impuso este mi\u00e9rcoles a Genaro Garc\u00eda Luna, antiguo zar antidrogas y secretario de Seguridad P\u00fablica del expresidente Felipe Calder\u00f3n. El exfuncionario de 56 a\u00f1os, alguna vez considerado uno de los hombres m\u00e1s poderosos y temidos de M\u00e9xico, sell\u00f3 su destino en la [&hellip;]<\/p>\n","protected":false},"author":4,"featured_media":53582,"comment_status":"open","ping_status":"open","sticky":false,"template":"","format":"standard","meta":{"om_disable_all_campaigns":false,"_monsterinsights_skip_tracking":false,"_monsterinsights_sitenote_active":false,"_monsterinsights_sitenote_note":"","_monsterinsights_sitenote_category":0,"footnotes":""},"categories":[176],"tags":[195],"class_list":["post-53581","post","type-post","status-publish","format-standard","has-post-thumbnail","hentry","category-nacional","tag-principal"],"amp_enabled":true,"_links":{"self":[{"href":"https:\/\/lahora.mx\/index.php\/wp-json\/wp\/v2\/posts\/53581","targetHints":{"allow":["GET"]}}],"collection":[{"href":"https:\/\/lahora.mx\/index.php\/wp-json\/wp\/v2\/posts"}],"about":[{"href":"https:\/\/lahora.mx\/index.php\/wp-json\/wp\/v2\/types\/post"}],"author":[{"embeddable":true,"href":"https:\/\/lahora.mx\/index.php\/wp-json\/wp\/v2\/users\/4"}],"replies":[{"embeddable":true,"href":"https:\/\/lahora.mx\/index.php\/wp-json\/wp\/v2\/comments?post=53581"}],"version-history":[{"count":1,"href":"https:\/\/lahora.mx\/index.php\/wp-json\/wp\/v2\/posts\/53581\/revisions"}],"predecessor-version":[{"id":53583,"href":"https:\/\/lahora.mx\/index.php\/wp-json\/wp\/v2\/posts\/53581\/revisions\/53583"}],"wp:featuredmedia":[{"embeddable":true,"href":"https:\/\/lahora.mx\/index.php\/wp-json\/wp\/v2\/media\/53582"}],"wp:attachment":[{"href":"https:\/\/lahora.mx\/index.php\/wp-json\/wp\/v2\/media?parent=53581"}],"wp:term":[{"taxonomy":"category","embeddable":true,"href":"https:\/\/lahora.mx\/index.php\/wp-json\/wp\/v2\/categories?post=53581"},{"taxonomy":"post_tag","embeddable":true,"href":"https:\/\/lahora.mx\/index.php\/wp-json\/wp\/v2\/tags?post=53581"}],"curies":[{"name":"wp","href":"https:\/\/api.w.org\/{rel}","templated":true}]}}