{"id":53574,"date":"2024-10-16T23:08:47","date_gmt":"2024-10-16T23:08:47","guid":{"rendered":"http:\/\/lahora.mx\/?p=53574"},"modified":"2024-10-16T23:08:47","modified_gmt":"2024-10-16T23:08:47","slug":"parquimetros-seran-gratis-para-adultos-mayores","status":"publish","type":"post","link":"https:\/\/lahora.mx\/index.php\/2024\/10\/16\/parquimetros-seran-gratis-para-adultos-mayores\/","title":{"rendered":"Parqu\u00edmetros ser\u00e1n gratis para adultos mayores"},"content":{"rendered":"\n<p>Los parqu\u00edmetros continuar\u00e1n trabajando en la capital poblana, por lo que el alcalde Pepe Chedraui anunci\u00f3 que se reunir\u00e1 con la empresa Cargo Movil para definir el funcionamiento del sistema de estacionamiento.<\/p>\n\n\n\n<p>En entrevista, el edil capitalino adelant\u00f3 que los parqu\u00edmetros funcionar\u00e1n con una condonaci\u00f3n para adultos mayores, es decir, las personas de la tercera edad no pagar\u00e1n y adem\u00e1s los j\u00f3venes que demuestren ser estudiantes tendr\u00e1n un descuento.<\/p>\n\n\n\n<p>Pepe Chedraui explic\u00f3 que la decisi\u00f3n de continuar trabajando con parqu\u00edmetros en el Centro Hist\u00f3rico se debe a que mucha gente est\u00e1 conforme con su funcionamiento, pero tambi\u00e9n hay personas que lo rechazan.<\/p>\n\n\n\n<p>Por ello, refiri\u00f3 que se deben atender las problem\u00e1ticas y as\u00ed generar un buen servicio para los poblanos, sin que sea un programa recaudatorio.<\/p>\n\n\n\n<p>\u201cHoy en la tarde nos sentaremos con las empresas para poder darle soluci\u00f3n, de entrada habr\u00e1 modificaci\u00f3n, los adultos mayores no van a pagar y los estudiantes tendr\u00e1n una tarifa especial\u201d, puntualiz\u00f3.<\/p>\n\n\n\n<p>Parqu\u00edmetros empezaron a operar en 2022<br>El sistema de parqu\u00edmetros comenz\u00f3 a operar en julio de 2022, dejando una ganancia de 40.6 millones de pesos durante la administraci\u00f3n panista de Eduardo Rivera P\u00e9rez.<\/p>\n\n\n\n<p>En dicho periodo fueron infraccionados 122 mil 129 usuarios por hacer mal uso de los parqu\u00edmetros y del 9 de marzo de 2023 al 30 de septiembre de 2024 se colocaron 317 ara\u00f1as a automovilistas que se estacionaron y les retiraron la placa.<br><\/p>\n","protected":false},"excerpt":{"rendered":"<p>Los parqu\u00edmetros continuar\u00e1n trabajando en la capital poblana, por lo que el alcalde Pepe Chedraui anunci\u00f3 que se reunir\u00e1 con la empresa Cargo Movil para definir el funcionamiento del sistema de estacionamiento. En entrevista, el edil capitalino adelant\u00f3 que los parqu\u00edmetros funcionar\u00e1n con una condonaci\u00f3n para adultos mayores, es decir, las personas de la tercera [&hellip;]<\/p>\n","protected":false},"author":4,"featured_media":53575,"comment_status":"open","ping_status":"open","sticky":false,"template":"","format":"standard","meta":{"om_disable_all_campaigns":false,"_monsterinsights_skip_tracking":false,"_monsterinsights_sitenote_active":false,"_monsterinsights_sitenote_note":"","_monsterinsights_sitenote_category":0,"footnotes":""},"categories":[175],"tags":[195,223],"class_list":["post-53574","post","type-post","status-publish","format-standard","has-post-thumbnail","hentry","category-local","tag-principal","tag-puebla"],"amp_enabled":true,"_links":{"self":[{"href":"https:\/\/lahora.mx\/index.php\/wp-json\/wp\/v2\/posts\/53574","targetHints":{"allow":["GET"]}}],"collection":[{"href":"https:\/\/lahora.mx\/index.php\/wp-json\/wp\/v2\/posts"}],"about":[{"href":"https:\/\/lahora.mx\/index.php\/wp-json\/wp\/v2\/types\/post"}],"author":[{"embeddable":true,"href":"https:\/\/lahora.mx\/index.php\/wp-json\/wp\/v2\/users\/4"}],"replies":[{"embeddable":true,"href":"https:\/\/lahora.mx\/index.php\/wp-json\/wp\/v2\/comments?post=53574"}],"version-history":[{"count":1,"href":"https:\/\/lahora.mx\/index.php\/wp-json\/wp\/v2\/posts\/53574\/revisions"}],"predecessor-version":[{"id":53576,"href":"https:\/\/lahora.mx\/index.php\/wp-json\/wp\/v2\/posts\/53574\/revisions\/53576"}],"wp:featuredmedia":[{"embeddable":true,"href":"https:\/\/lahora.mx\/index.php\/wp-json\/wp\/v2\/media\/53575"}],"wp:attachment":[{"href":"https:\/\/lahora.mx\/index.php\/wp-json\/wp\/v2\/media?parent=53574"}],"wp:term":[{"taxonomy":"category","embeddable":true,"href":"https:\/\/lahora.mx\/index.php\/wp-json\/wp\/v2\/categories?post=53574"},{"taxonomy":"post_tag","embeddable":true,"href":"https:\/\/lahora.mx\/index.php\/wp-json\/wp\/v2\/tags?post=53574"}],"curies":[{"name":"wp","href":"https:\/\/api.w.org\/{rel}","templated":true}]}}