{"id":53571,"date":"2024-10-16T23:04:19","date_gmt":"2024-10-16T23:04:19","guid":{"rendered":"http:\/\/lahora.mx\/?p=53571"},"modified":"2024-10-16T23:04:19","modified_gmt":"2024-10-16T23:04:19","slug":"la-presidenta-sheinbaum-envia-reforma-laboral-en-pro-de-repartidores-de-plataformas-digitales","status":"publish","type":"post","link":"https:\/\/lahora.mx\/index.php\/2024\/10\/16\/la-presidenta-sheinbaum-envia-reforma-laboral-en-pro-de-repartidores-de-plataformas-digitales\/","title":{"rendered":"La presidenta Sheinbaum env\u00eda reforma laboral en pro de repartidores de plataformas digitales"},"content":{"rendered":"\n<p>La presidenta Claudia Sheinbaum Pardo present\u00f3 hoy una iniciativa de reforma a la Ley Federal del Trabajo para reconocer los derechos laborales de m\u00e1s de 658 mil trabajadores repartidores de aplicaciones digitales.<\/p>\n\n\n\n<p>Esta propuesta, que sign\u00f3 la presidenta y explic\u00f3 Marath Baruch Bola\u00f1os L\u00f3pez, secretario del Trabajo y Previsi\u00f3n Social del pa\u00eds, se envi\u00f3 a la C\u00e1mara de Diputados, para su an\u00e1lisis, discusi\u00f3n y posterior aprobaci\u00f3n.<\/p>\n\n\n\n<p>La reforma a la Ley Federal del Trabajo busca garantizar el acceso a seguridad social y otros beneficios laborales a los m\u00e1s de 658 mil repartidores de aplicaciones digitales como Uber, Didi y Rappi.<\/p>\n\n\n\n<p>\u201cEl objetivo es regular y permitir que los trabajadores tengan derechos amparados por la ley. Algunos trabajan dos horas al d\u00eda, otros hasta m\u00e1s; todo eso debe ser regulado para su beneficio\u201d, expres\u00f3 Sheinbaum en la Ma\u00f1anera del Pueblo de este d\u00eda.<\/p>\n\n\n\n<p>Con la reforma, los trabajadores de aplicaciones como choferes y repartidores tendr\u00edan acceso a servicios m\u00e9dicos del Instituto Mexicano del Seguro Social (IMSS), seguro contra accidentes laborales, cr\u00e9ditos del Infonavit y protocolos de atenci\u00f3n contra acoso laboral, todo manteniendo la flexibilidad de horario.<\/p>\n\n\n\n<p>La presidenta destac\u00f3 que la propuesta es fruto del trabajo conjunto entre la Secretar\u00eda del Trabajo, el IMSS, el Infonavit y representantes de las plataformas y trabajadores.<\/p>\n\n\n\n<p>Marath Bola\u00f1os, inform\u00f3 que se llevar\u00e1 a cabo un programa piloto del IMSS para asegurar que las plataformas digitales ofrezcan seguridad social a sus trabajadores. La reforma laboral incluir\u00e1 la firma de contratos ante el Centro Federal de Conciliaci\u00f3n y Registro Laboral.<\/p>\n","protected":false},"excerpt":{"rendered":"<p>La presidenta Claudia Sheinbaum Pardo present\u00f3 hoy una iniciativa de reforma a la Ley Federal del Trabajo para reconocer los derechos laborales de m\u00e1s de 658 mil trabajadores repartidores de aplicaciones digitales. Esta propuesta, que sign\u00f3 la presidenta y explic\u00f3 Marath Baruch Bola\u00f1os L\u00f3pez, secretario del Trabajo y Previsi\u00f3n Social del pa\u00eds, se envi\u00f3 a [&hellip;]<\/p>\n","protected":false},"author":4,"featured_media":53572,"comment_status":"open","ping_status":"open","sticky":false,"template":"","format":"standard","meta":{"om_disable_all_campaigns":false,"_monsterinsights_skip_tracking":false,"_monsterinsights_sitenote_active":false,"_monsterinsights_sitenote_note":"","_monsterinsights_sitenote_category":0,"footnotes":""},"categories":[176],"tags":[],"class_list":["post-53571","post","type-post","status-publish","format-standard","has-post-thumbnail","hentry","category-nacional"],"amp_enabled":true,"_links":{"self":[{"href":"https:\/\/lahora.mx\/index.php\/wp-json\/wp\/v2\/posts\/53571","targetHints":{"allow":["GET"]}}],"collection":[{"href":"https:\/\/lahora.mx\/index.php\/wp-json\/wp\/v2\/posts"}],"about":[{"href":"https:\/\/lahora.mx\/index.php\/wp-json\/wp\/v2\/types\/post"}],"author":[{"embeddable":true,"href":"https:\/\/lahora.mx\/index.php\/wp-json\/wp\/v2\/users\/4"}],"replies":[{"embeddable":true,"href":"https:\/\/lahora.mx\/index.php\/wp-json\/wp\/v2\/comments?post=53571"}],"version-history":[{"count":1,"href":"https:\/\/lahora.mx\/index.php\/wp-json\/wp\/v2\/posts\/53571\/revisions"}],"predecessor-version":[{"id":53573,"href":"https:\/\/lahora.mx\/index.php\/wp-json\/wp\/v2\/posts\/53571\/revisions\/53573"}],"wp:featuredmedia":[{"embeddable":true,"href":"https:\/\/lahora.mx\/index.php\/wp-json\/wp\/v2\/media\/53572"}],"wp:attachment":[{"href":"https:\/\/lahora.mx\/index.php\/wp-json\/wp\/v2\/media?parent=53571"}],"wp:term":[{"taxonomy":"category","embeddable":true,"href":"https:\/\/lahora.mx\/index.php\/wp-json\/wp\/v2\/categories?post=53571"},{"taxonomy":"post_tag","embeddable":true,"href":"https:\/\/lahora.mx\/index.php\/wp-json\/wp\/v2\/tags?post=53571"}],"curies":[{"name":"wp","href":"https:\/\/api.w.org\/{rel}","templated":true}]}}