{"id":53558,"date":"2024-10-16T22:53:31","date_gmt":"2024-10-16T22:53:31","guid":{"rendered":"http:\/\/lahora.mx\/?p=53558"},"modified":"2024-10-16T22:53:32","modified_gmt":"2024-10-16T22:53:32","slug":"2-mil-367-personas-en-el-libano-han-muerto-por-ataques-de-israel-en-tan-solo-un-ano","status":"publish","type":"post","link":"https:\/\/lahora.mx\/index.php\/2024\/10\/16\/2-mil-367-personas-en-el-libano-han-muerto-por-ataques-de-israel-en-tan-solo-un-ano\/","title":{"rendered":"2 mil 367 personas en el L\u00edbano, han muerto por ataques de Israel en tan solo un a\u00f1o"},"content":{"rendered":"\n<p>Llegaron a 2 mil 367 los asisinados por los ataques de Israel contra L\u00edbano, desde el inicio del conflicto el 8 de octubre de 2023; los heridos ascendieron a 11 mil 088 en el mismo lapso.<\/p>\n\n\n\n<p>As\u00ed lo inform\u00f3 este mi\u00e9rcoles el Ministerio de Salud del L\u00edbano. En su comunicado a\u00f1adi\u00f3 adem\u00e1s que los muertos contabilizados ayer por los ataques de Israel al pa\u00eds fueron 17, los heridos 182.<\/p>\n\n\n\n<p>Tres personas murieron y otras 92 resultaron heridas en al del pa\u00eds, mientras que nueve murieron y 49 resultaron heridas en la gobernaci\u00f3n de Nabatieh.<\/p>\n\n\n\n<p>El Ministerio a\u00f1adi\u00f3 que cinco personas murieron y 26 resultaron heridas en el valle de Bekaa. En la gobernaci\u00f3n de Baalbek Hermel, 15 personas resultaron heridas.<\/p>\n\n\n\n<p>Desde el 23 de septiembre, el ej\u00e9rcito del estado de Israel llev\u00f3 a cabo diferentes ataques a\u00e9reos contra el L\u00edbano, en una escalada contra facciones de Hizbul\u00e1.<\/p>\n\n\n\n<p>Desde el 8 de octubre de 2023, Hizbul\u00e1 y el ej\u00e9rcito israel\u00ed intercambiaron ataques a trav\u00e9s de la frontera entre L\u00edbano e Israel, en medio de temores de un conflicto mayor mientras la guerra entre Hamas e Israel contin\u00faa en la Franja de Gaza.<\/p>\n","protected":false},"excerpt":{"rendered":"<p>Llegaron a 2 mil 367 los asisinados por los ataques de Israel contra L\u00edbano, desde el inicio del conflicto el 8 de octubre de 2023; los heridos ascendieron a 11 mil 088 en el mismo lapso. As\u00ed lo inform\u00f3 este mi\u00e9rcoles el Ministerio de Salud del L\u00edbano. En su comunicado a\u00f1adi\u00f3 adem\u00e1s que los muertos [&hellip;]<\/p>\n","protected":false},"author":4,"featured_media":53559,"comment_status":"open","ping_status":"open","sticky":false,"template":"","format":"standard","meta":{"om_disable_all_campaigns":false,"_monsterinsights_skip_tracking":false,"_monsterinsights_sitenote_active":false,"_monsterinsights_sitenote_note":"","_monsterinsights_sitenote_category":0,"footnotes":""},"categories":[183],"tags":[223],"class_list":["post-53558","post","type-post","status-publish","format-standard","has-post-thumbnail","hentry","category-internacional","tag-puebla"],"amp_enabled":true,"_links":{"self":[{"href":"https:\/\/lahora.mx\/index.php\/wp-json\/wp\/v2\/posts\/53558","targetHints":{"allow":["GET"]}}],"collection":[{"href":"https:\/\/lahora.mx\/index.php\/wp-json\/wp\/v2\/posts"}],"about":[{"href":"https:\/\/lahora.mx\/index.php\/wp-json\/wp\/v2\/types\/post"}],"author":[{"embeddable":true,"href":"https:\/\/lahora.mx\/index.php\/wp-json\/wp\/v2\/users\/4"}],"replies":[{"embeddable":true,"href":"https:\/\/lahora.mx\/index.php\/wp-json\/wp\/v2\/comments?post=53558"}],"version-history":[{"count":1,"href":"https:\/\/lahora.mx\/index.php\/wp-json\/wp\/v2\/posts\/53558\/revisions"}],"predecessor-version":[{"id":53560,"href":"https:\/\/lahora.mx\/index.php\/wp-json\/wp\/v2\/posts\/53558\/revisions\/53560"}],"wp:featuredmedia":[{"embeddable":true,"href":"https:\/\/lahora.mx\/index.php\/wp-json\/wp\/v2\/media\/53559"}],"wp:attachment":[{"href":"https:\/\/lahora.mx\/index.php\/wp-json\/wp\/v2\/media?parent=53558"}],"wp:term":[{"taxonomy":"category","embeddable":true,"href":"https:\/\/lahora.mx\/index.php\/wp-json\/wp\/v2\/categories?post=53558"},{"taxonomy":"post_tag","embeddable":true,"href":"https:\/\/lahora.mx\/index.php\/wp-json\/wp\/v2\/tags?post=53558"}],"curies":[{"name":"wp","href":"https:\/\/api.w.org\/{rel}","templated":true}]}}