{"id":53536,"date":"2024-10-16T16:46:01","date_gmt":"2024-10-16T16:46:01","guid":{"rendered":"http:\/\/lahora.mx\/?p=53536"},"modified":"2024-10-16T16:46:02","modified_gmt":"2024-10-16T16:46:02","slug":"publican-convocatoria-para-eleccion-de-jueces-magistrados-y-ministros","status":"publish","type":"post","link":"https:\/\/lahora.mx\/index.php\/2024\/10\/16\/publican-convocatoria-para-eleccion-de-jueces-magistrados-y-ministros\/","title":{"rendered":"Publican convocatoria para elecci\u00f3n de jueces, magistrados y ministros"},"content":{"rendered":"\n<p>Ya se aprob\u00f3 la convocatoria para la elecci\u00f3n de jueces, magistrados y ministros del Poder Judicial de la Federaci\u00f3n (PJF); los comicios se realizar\u00e1n a partir del 1 de junio de 2025.<\/p>\n\n\n\n<p>Con 78 votos a favor y 39 en contra, el Senado de la Rep\u00fablica aval\u00f3 la publicaci\u00f3n que permitir\u00e1 la elecci\u00f3n a trav\u00e9s del voto popular de ministros de la Supera Corte de Justicia de la Naci\u00f3n (SCJN)<\/p>\n\n\n\n<p>La elecci\u00f3n los jueces, magistrados y ministros del PJF ser\u00e1 coordinada por el Instituto Nacional Electoral (INE).<\/p>\n\n\n\n<p>Los cargos que se elegir\u00e1n en la elecci\u00f3n de personas juzgadoras del PJF<br>En esta primera elecci\u00f3n abierta de jueces y ministros, se votar\u00e1 por los siguientes cargos.<\/p>\n\n\n\n<p>Ministras y ministros de la SCJN: 5 ministras y 4 ministros.<br>Magistradas y magistrados del Tribunal de Disciplina Judicial: 3 magistradas y 2 magistrados.<br>Magistradas y magistrados del Tribunal Electoral del Poder Judicial de la Federaci\u00f3n (TEPJF): 1 magistrada y 1 magistrado de la Sala Superior, 10 magistradas y 5 magistrados de las Salas Regionales.<br>Magistradas y magistrados de Tribunales Colegiados de Circuito: 464 cargos.<br>Juezas y jueces de Distrito: 386 cargos.<br>Fechas clave del proceso electoral de personas juzgadoras<\/p>\n\n\n\n<p>31 de octubre de 2024: Fecha l\u00edmite para la instalaci\u00f3n de los Comit\u00e9s de Evaluaci\u00f3n.<br>5 al 24 de noviembre de 2024: Per\u00edodo de inscripci\u00f3n para los aspirantes.<br>15 de diciembre de 2024: Publicaci\u00f3n de la lista de personas que cumplan los requisitos.<br>31 de enero de 2025: Evaluaci\u00f3n de la idoneidad de los aspirantes.<br>6 de febrero de 2025: Depuraci\u00f3n de las listas mediante insaculaci\u00f3n \u2014Sorteo.<br>8 de febrero de 2025: Presentaci\u00f3n de los listados ante el Senado.<br>12 de febrero de 2025: Integraci\u00f3n de los expedientes definitivos.<br>Requisitos para participar en la convocator\u00eda para la elecci\u00f3n del PJF<br>Entre los principales requisitos para los aspirantes a ministros de la SCJN, magistrados del TEPJF y el Tribunal de Disciplina Judicial se encuentran los siguientes.<\/p>\n\n\n\n<p>Ser mexicano por nacimiento.<br>Contar con una licenciatura en derecho.<br>Tener experiencia profesional de al menos cinco a\u00f1os.<br>Gozar de buena reputaci\u00f3n y no haber sido condenado por delitos graves.<\/p>\n\n\n\n<p>El proceso incluye la elecci\u00f3n a nivel federal de los ministros y magistrados de la SCJN, TEPJF y Tribunal de Disciplina Judicial, mientras que los magistrados de Tribunales Colegiados y jueces de distrito ser\u00e1n electos por regi\u00f3n y circuito judicial.<\/p>\n","protected":false},"excerpt":{"rendered":"<p>Ya se aprob\u00f3 la convocatoria para la elecci\u00f3n de jueces, magistrados y ministros del Poder Judicial de la Federaci\u00f3n (PJF); los comicios se realizar\u00e1n a partir del 1 de junio de 2025. Con 78 votos a favor y 39 en contra, el Senado de la Rep\u00fablica aval\u00f3 la publicaci\u00f3n que permitir\u00e1 la elecci\u00f3n a trav\u00e9s [&hellip;]<\/p>\n","protected":false},"author":4,"featured_media":53537,"comment_status":"open","ping_status":"open","sticky":false,"template":"","format":"standard","meta":{"om_disable_all_campaigns":false,"_monsterinsights_skip_tracking":false,"_monsterinsights_sitenote_active":false,"_monsterinsights_sitenote_note":"","_monsterinsights_sitenote_category":0,"footnotes":""},"categories":[176],"tags":[195,223],"class_list":["post-53536","post","type-post","status-publish","format-standard","has-post-thumbnail","hentry","category-nacional","tag-principal","tag-puebla"],"amp_enabled":true,"_links":{"self":[{"href":"https:\/\/lahora.mx\/index.php\/wp-json\/wp\/v2\/posts\/53536","targetHints":{"allow":["GET"]}}],"collection":[{"href":"https:\/\/lahora.mx\/index.php\/wp-json\/wp\/v2\/posts"}],"about":[{"href":"https:\/\/lahora.mx\/index.php\/wp-json\/wp\/v2\/types\/post"}],"author":[{"embeddable":true,"href":"https:\/\/lahora.mx\/index.php\/wp-json\/wp\/v2\/users\/4"}],"replies":[{"embeddable":true,"href":"https:\/\/lahora.mx\/index.php\/wp-json\/wp\/v2\/comments?post=53536"}],"version-history":[{"count":1,"href":"https:\/\/lahora.mx\/index.php\/wp-json\/wp\/v2\/posts\/53536\/revisions"}],"predecessor-version":[{"id":53538,"href":"https:\/\/lahora.mx\/index.php\/wp-json\/wp\/v2\/posts\/53536\/revisions\/53538"}],"wp:featuredmedia":[{"embeddable":true,"href":"https:\/\/lahora.mx\/index.php\/wp-json\/wp\/v2\/media\/53537"}],"wp:attachment":[{"href":"https:\/\/lahora.mx\/index.php\/wp-json\/wp\/v2\/media?parent=53536"}],"wp:term":[{"taxonomy":"category","embeddable":true,"href":"https:\/\/lahora.mx\/index.php\/wp-json\/wp\/v2\/categories?post=53536"},{"taxonomy":"post_tag","embeddable":true,"href":"https:\/\/lahora.mx\/index.php\/wp-json\/wp\/v2\/tags?post=53536"}],"curies":[{"name":"wp","href":"https:\/\/api.w.org\/{rel}","templated":true}]}}