{"id":53533,"date":"2024-10-16T16:43:26","date_gmt":"2024-10-16T16:43:26","guid":{"rendered":"http:\/\/lahora.mx\/?p=53533"},"modified":"2024-10-16T16:43:58","modified_gmt":"2024-10-16T16:43:58","slug":"edil-recibe-los-reyes-de-juarez-sin-los-millones-prometidos-por-su-antecesor","status":"publish","type":"post","link":"https:\/\/lahora.mx\/index.php\/2024\/10\/16\/edil-recibe-los-reyes-de-juarez-sin-los-millones-prometidos-por-su-antecesor\/","title":{"rendered":"Edil recibe Los Reyes de Ju\u00e1rez sin los millones prometidos por su antecesor"},"content":{"rendered":"\n<p>El presidente municipal de Los Reyes de Ju\u00e1rez, Alfonso V\u00e9lez Merino, se\u00f1al\u00f3 que tras la entrega-recepci\u00f3n con la administraci\u00f3n anterior, no encontraron los recursos que el exalcalde Manuel Herrera Ponce afirm\u00f3 haber dejado. El actual mun\u00edcipe declar\u00f3 que, a diferencia de lo anunciado, no se recibi\u00f3 ninguna cantidad disponible para ejercer.<\/p>\n\n\n\n<p>En su primera entrevista como edil de Los Reyes de Ju\u00e1rez, V\u00e9lez Merino aclar\u00f3 que no le dejaron dinero, y que los recursos que se utilizar\u00e1n a partir de ahora provendr\u00e1n del techo financiero y apoyos asignados a su nueva administraci\u00f3n.<\/p>\n\n\n\n<p>Estas declaraciones surgieron en respuesta a la afirmaci\u00f3n del exalcalde Herrera Ponce, quien, en los \u00faltimos d\u00edas de su mandato, public\u00f3 videos donde aseguraba haber dejado 60 millones de pesos para la nueva gesti\u00f3n, y en otro video mencion\u00f3 que a\u00f1adir\u00eda 40 millones m\u00e1s, adem\u00e1s de patrullas y veh\u00edculos nuevos.<\/p>\n\n\n\n<p>Sin embargo, V\u00e9lez Merino desminti\u00f3 estas afirmaciones, recalc\u00f3 que no se encontraron ni los recursos ni las unidades prometidas. Incluso mencion\u00f3 que parte del parque vehicular se encuentra en estado inservible, y el personal del nuevo gobierno tuvo que empujar las unidades o remolcarlas para moverlas.<\/p>\n\n\n\n<p>Durante la toma de protesta de Alfonso V\u00e9lez como alcalde, estuvo acompa\u00f1ado por unas dos mil personas, entre ellas el secretario de Gobernaci\u00f3n estatal, Javier Aquino Lim\u00f3n; la diputada federal Claudia Rivera Vivanco; el presidente de la Mesa Directiva del Congreso local, Mauricio C\u00e9spedes Peregrina; y Mariana Rojas Mart\u00ednez, en representaci\u00f3n del gobernador electo Alejandro Armenta.<\/p>\n","protected":false},"excerpt":{"rendered":"<p>El presidente municipal de Los Reyes de Ju\u00e1rez, Alfonso V\u00e9lez Merino, se\u00f1al\u00f3 que tras la entrega-recepci\u00f3n con la administraci\u00f3n anterior, no encontraron los recursos que el exalcalde Manuel Herrera Ponce afirm\u00f3 haber dejado. El actual mun\u00edcipe declar\u00f3 que, a diferencia de lo anunciado, no se recibi\u00f3 ninguna cantidad disponible para ejercer. En su primera entrevista [&hellip;]<\/p>\n","protected":false},"author":4,"featured_media":53534,"comment_status":"open","ping_status":"open","sticky":false,"template":"","format":"standard","meta":{"om_disable_all_campaigns":false,"_monsterinsights_skip_tracking":false,"_monsterinsights_sitenote_active":false,"_monsterinsights_sitenote_note":"","_monsterinsights_sitenote_category":0,"footnotes":""},"categories":[175],"tags":[],"class_list":["post-53533","post","type-post","status-publish","format-standard","has-post-thumbnail","hentry","category-local"],"amp_enabled":true,"_links":{"self":[{"href":"https:\/\/lahora.mx\/index.php\/wp-json\/wp\/v2\/posts\/53533","targetHints":{"allow":["GET"]}}],"collection":[{"href":"https:\/\/lahora.mx\/index.php\/wp-json\/wp\/v2\/posts"}],"about":[{"href":"https:\/\/lahora.mx\/index.php\/wp-json\/wp\/v2\/types\/post"}],"author":[{"embeddable":true,"href":"https:\/\/lahora.mx\/index.php\/wp-json\/wp\/v2\/users\/4"}],"replies":[{"embeddable":true,"href":"https:\/\/lahora.mx\/index.php\/wp-json\/wp\/v2\/comments?post=53533"}],"version-history":[{"count":1,"href":"https:\/\/lahora.mx\/index.php\/wp-json\/wp\/v2\/posts\/53533\/revisions"}],"predecessor-version":[{"id":53535,"href":"https:\/\/lahora.mx\/index.php\/wp-json\/wp\/v2\/posts\/53533\/revisions\/53535"}],"wp:featuredmedia":[{"embeddable":true,"href":"https:\/\/lahora.mx\/index.php\/wp-json\/wp\/v2\/media\/53534"}],"wp:attachment":[{"href":"https:\/\/lahora.mx\/index.php\/wp-json\/wp\/v2\/media?parent=53533"}],"wp:term":[{"taxonomy":"category","embeddable":true,"href":"https:\/\/lahora.mx\/index.php\/wp-json\/wp\/v2\/categories?post=53533"},{"taxonomy":"post_tag","embeddable":true,"href":"https:\/\/lahora.mx\/index.php\/wp-json\/wp\/v2\/tags?post=53533"}],"curies":[{"name":"wp","href":"https:\/\/api.w.org\/{rel}","templated":true}]}}