{"id":53529,"date":"2024-10-16T03:49:15","date_gmt":"2024-10-16T03:49:15","guid":{"rendered":"http:\/\/lahora.mx\/?p=53529"},"modified":"2024-10-16T03:49:15","modified_gmt":"2024-10-16T03:49:15","slug":"balacera-en-la-toma-de-protesta-del-nuevo-alcalde-de-tianguismanalco","status":"publish","type":"post","link":"https:\/\/lahora.mx\/index.php\/2024\/10\/16\/balacera-en-la-toma-de-protesta-del-nuevo-alcalde-de-tianguismanalco\/","title":{"rendered":"Balacera en la toma de protesta del nuevo alcalde de Tianguismanalco"},"content":{"rendered":"\n<p>La toma de protesta del nuevo alcalde de Tianguismanalco, Juan P\u00e9rez, se vio empa\u00f1ada por la presencia de un grupo de sujetos, quienes habr\u00edan accionado sus armas de fuego.<\/p>\n\n\n\n<p>Videos e im\u00e1genes que circulan en redes sociales muestran a personas desplaz\u00e1ndose r\u00e1pidamente en lo que parece ser un jard\u00edn, al tiempo que se escuchan detonaciones de fondo.<\/p>\n\n\n\n<p>De acuerdo con trascendidos, el grupo de rijosos, que gener\u00f3 caos entre los asistentes al evento, estar\u00eda ligado al alcalde saliente, Mart\u00edn Zanes. Estos individuos irrumpieron incluso con disparos en el evento oficial, causando p\u00e1nico entre los presentes.<\/p>\n\n\n\n<p>En general, se mencion\u00f3 que personas allegadas a Mart\u00edn Zanes arribaron al lugar con actitud desafiante e ingresaron al palacio municipal de Tianguismanalco, donde realizaron disparos al aire.<\/p>\n\n\n\n<p>Los ciudadanos que se encontraban en el lugar fueron presas del p\u00e1nico y la incertidumbre, lo que llev\u00f3 a los organizadores a cancelar el evento protocolario para garantizar la seguridad de la ciudadan\u00eda. Sin embargo, lo que m\u00e1s llam\u00f3 la atenci\u00f3n fue la ausencia de elementos de las polic\u00edas municipal y estatal.<\/p>\n\n\n\n<p>Por otra parte, se inform\u00f3 que los rijosos presuntamente retuvieron al representante del gobernador del estado, Rafael Ramos, subsecretario de Vivienda y Bienestar, para impedir la toma de protesta.<\/p>\n\n\n\n<p>Posteriormente, con la intervenci\u00f3n de la Direcci\u00f3n General de Gobierno del Estado, se logr\u00f3 liberar al funcionario p\u00fablico.<\/p>\n\n\n\n<p>Tras ello, Juan P\u00e9rez Moral tom\u00f3 protesta como presidente municipal de San Juan Tianguismanalco.<\/p>\n\n\n\n<p>Hasta el momento, no hay un comunicado oficial sobre los hechos por parte de las autoridades locales o estatales. Mientras tanto, persiste la inquietud y nerviosismo en algunos habitantes de Tianguismanalco, ante el riesgo de ingobernabilidad que se vivi\u00f3.<\/p>\n\n\n\n<p><\/p>\n","protected":false},"excerpt":{"rendered":"<p>La toma de protesta del nuevo alcalde de Tianguismanalco, Juan P\u00e9rez, se vio empa\u00f1ada por la presencia de un grupo de sujetos, quienes habr\u00edan accionado sus armas de fuego. Videos e im\u00e1genes que circulan en redes sociales muestran a personas desplaz\u00e1ndose r\u00e1pidamente en lo que parece ser un jard\u00edn, al tiempo que se escuchan detonaciones [&hellip;]<\/p>\n","protected":false},"author":4,"featured_media":53530,"comment_status":"open","ping_status":"open","sticky":false,"template":"","format":"standard","meta":{"om_disable_all_campaigns":false,"_monsterinsights_skip_tracking":false,"_monsterinsights_sitenote_active":false,"_monsterinsights_sitenote_note":"","_monsterinsights_sitenote_category":0,"footnotes":""},"categories":[175,226],"tags":[223],"class_list":["post-53529","post","type-post","status-publish","format-standard","has-post-thumbnail","hentry","category-local","category-policia","tag-puebla"],"amp_enabled":true,"_links":{"self":[{"href":"https:\/\/lahora.mx\/index.php\/wp-json\/wp\/v2\/posts\/53529","targetHints":{"allow":["GET"]}}],"collection":[{"href":"https:\/\/lahora.mx\/index.php\/wp-json\/wp\/v2\/posts"}],"about":[{"href":"https:\/\/lahora.mx\/index.php\/wp-json\/wp\/v2\/types\/post"}],"author":[{"embeddable":true,"href":"https:\/\/lahora.mx\/index.php\/wp-json\/wp\/v2\/users\/4"}],"replies":[{"embeddable":true,"href":"https:\/\/lahora.mx\/index.php\/wp-json\/wp\/v2\/comments?post=53529"}],"version-history":[{"count":1,"href":"https:\/\/lahora.mx\/index.php\/wp-json\/wp\/v2\/posts\/53529\/revisions"}],"predecessor-version":[{"id":53531,"href":"https:\/\/lahora.mx\/index.php\/wp-json\/wp\/v2\/posts\/53529\/revisions\/53531"}],"wp:featuredmedia":[{"embeddable":true,"href":"https:\/\/lahora.mx\/index.php\/wp-json\/wp\/v2\/media\/53530"}],"wp:attachment":[{"href":"https:\/\/lahora.mx\/index.php\/wp-json\/wp\/v2\/media?parent=53529"}],"wp:term":[{"taxonomy":"category","embeddable":true,"href":"https:\/\/lahora.mx\/index.php\/wp-json\/wp\/v2\/categories?post=53529"},{"taxonomy":"post_tag","embeddable":true,"href":"https:\/\/lahora.mx\/index.php\/wp-json\/wp\/v2\/tags?post=53529"}],"curies":[{"name":"wp","href":"https:\/\/api.w.org\/{rel}","templated":true}]}}