{"id":53523,"date":"2024-10-16T03:42:01","date_gmt":"2024-10-16T03:42:01","guid":{"rendered":"http:\/\/lahora.mx\/?p=53523"},"modified":"2024-10-16T03:42:02","modified_gmt":"2024-10-16T03:42:02","slug":"presenta-la-gobernadora-lorena-cuellar-iniciativa-medioambiental-a-sedatu","status":"publish","type":"post","link":"https:\/\/lahora.mx\/index.php\/2024\/10\/16\/presenta-la-gobernadora-lorena-cuellar-iniciativa-medioambiental-a-sedatu\/","title":{"rendered":"Presenta la gobernadora Lorena Cu\u00e9llar iniciativa medioambiental a Sedatu"},"content":{"rendered":"\n<p>La gobernadora de Tlaxcala, Lorena Cu\u00e9llar Cisneros, se reuni\u00f3 con la secretaria de Desarrollo Agrario, Territorial y Urbano (Sedatu) del gobierno de M\u00e9xico, Edna Vega Rangel, para analizar proyectos relacionados con vivienda en la entidad.<\/p>\n\n\n\n<p>Durante el encuentro, que tuvo lugar en la Ciudad de M\u00e9xico, se abordaron temas de desarrollo sustentable y respeto al medio ambiente como parte de la estrategia nacional para la construcci\u00f3n y regularizaci\u00f3n de viviendas en Tlaxcala.<\/p>\n\n\n\n<p>Ambas funcionarias destacaron la importancia de la participaci\u00f3n ciudadana como eje prioritario en la construcci\u00f3n y mejoramiento de las casas habitaci\u00f3n. Asimismo, se\u00f1alaron que las autoridades deben garantizar medidas que agilicen los tr\u00e1mites y reduzcan los costos para la poblaci\u00f3n.<\/p>\n\n\n\n<p>Tambi\u00e9n acordaron fortalecer el trabajo coordinado entre los tres niveles de gobierno para facilitar la ejecuci\u00f3n de los proyectos de vivienda en el estado.<\/p>\n\n\n\n<p>La reuni\u00f3n evidenci\u00f3 la confianza del gobierno federal en la administraci\u00f3n estatal para implementar pol\u00edticas sociales en materia de vivienda en Tlaxcala.<\/p>\n\n\n\n<p>El encuentro se llev\u00f3 a cabo este lunes, horas despu\u00e9s de que el gobierno federal anunciara el programa nacional de vivienda y regularizaci\u00f3n.<\/p>\n","protected":false},"excerpt":{"rendered":"<p>La gobernadora de Tlaxcala, Lorena Cu\u00e9llar Cisneros, se reuni\u00f3 con la secretaria de Desarrollo Agrario, Territorial y Urbano (Sedatu) del gobierno de M\u00e9xico, Edna Vega Rangel, para analizar proyectos relacionados con vivienda en la entidad. Durante el encuentro, que tuvo lugar en la Ciudad de M\u00e9xico, se abordaron temas de desarrollo sustentable y respeto al [&hellip;]<\/p>\n","protected":false},"author":4,"featured_media":53524,"comment_status":"open","ping_status":"open","sticky":false,"template":"","format":"standard","meta":{"om_disable_all_campaigns":false,"_monsterinsights_skip_tracking":false,"_monsterinsights_sitenote_active":false,"_monsterinsights_sitenote_note":"","_monsterinsights_sitenote_category":0,"footnotes":""},"categories":[175],"tags":[223,210],"class_list":["post-53523","post","type-post","status-publish","format-standard","has-post-thumbnail","hentry","category-local","tag-puebla","tag-tlaxcala"],"amp_enabled":true,"_links":{"self":[{"href":"https:\/\/lahora.mx\/index.php\/wp-json\/wp\/v2\/posts\/53523","targetHints":{"allow":["GET"]}}],"collection":[{"href":"https:\/\/lahora.mx\/index.php\/wp-json\/wp\/v2\/posts"}],"about":[{"href":"https:\/\/lahora.mx\/index.php\/wp-json\/wp\/v2\/types\/post"}],"author":[{"embeddable":true,"href":"https:\/\/lahora.mx\/index.php\/wp-json\/wp\/v2\/users\/4"}],"replies":[{"embeddable":true,"href":"https:\/\/lahora.mx\/index.php\/wp-json\/wp\/v2\/comments?post=53523"}],"version-history":[{"count":1,"href":"https:\/\/lahora.mx\/index.php\/wp-json\/wp\/v2\/posts\/53523\/revisions"}],"predecessor-version":[{"id":53525,"href":"https:\/\/lahora.mx\/index.php\/wp-json\/wp\/v2\/posts\/53523\/revisions\/53525"}],"wp:featuredmedia":[{"embeddable":true,"href":"https:\/\/lahora.mx\/index.php\/wp-json\/wp\/v2\/media\/53524"}],"wp:attachment":[{"href":"https:\/\/lahora.mx\/index.php\/wp-json\/wp\/v2\/media?parent=53523"}],"wp:term":[{"taxonomy":"category","embeddable":true,"href":"https:\/\/lahora.mx\/index.php\/wp-json\/wp\/v2\/categories?post=53523"},{"taxonomy":"post_tag","embeddable":true,"href":"https:\/\/lahora.mx\/index.php\/wp-json\/wp\/v2\/tags?post=53523"}],"curies":[{"name":"wp","href":"https:\/\/api.w.org\/{rel}","templated":true}]}}