{"id":53499,"date":"2024-10-15T20:20:39","date_gmt":"2024-10-15T20:20:39","guid":{"rendered":"http:\/\/lahora.mx\/?p=53499"},"modified":"2024-10-15T20:20:39","modified_gmt":"2024-10-15T20:20:39","slug":"vacunacion-invernal-contra-influenza-y-covid-19-contempla-farmaco-patria","status":"publish","type":"post","link":"https:\/\/lahora.mx\/index.php\/2024\/10\/15\/vacunacion-invernal-contra-influenza-y-covid-19-contempla-farmaco-patria\/","title":{"rendered":"Vacunaci\u00f3n invernal contra influenza y covid-19 contempla f\u00e1rmaco Patria"},"content":{"rendered":"\n<p>Las vacunas contra el covid-19 que se aplicar\u00e1n durante la temporada de vacunaci\u00f3n invernal ser\u00e1n del compuesto Patria que desarroll\u00f3 el Gobierno de M\u00e9xico, anunci\u00f3 la presidenta Claudia Sheinbaum Pardo.<\/p>\n\n\n\n<p>La campa\u00f1a de vacunaci\u00f3n invernal tambi\u00e9n contemplar\u00e1 la aplicaci\u00f3n de vacunas contra la influenza para prevenir que la poblaci\u00f3n padezca dichas enfermedades que suelen suceder en la temporada invernal.<\/p>\n\n\n\n<p>Otras de las vacunas de covid-19 que se aplicar\u00e1n durante la temporada invernal de 2024-2025 ser\u00e1n los f\u00e1rmacos Abdala, de origen cubano, y Sputnik, desarrollada en Rusia, afirm\u00f3 David Kershenobich Stalnikowitz, secretario de Salud de M\u00e9xico.<\/p>\n\n\n\n<p>La aplicaci\u00f3n de las vacunas contra covid-19 e influenza comenzar\u00e1 el d\u00eda de hoy en los centros del Instituto Mexicano del Seguro Social (IMSS), IMSS-Bienestar y del Instituto de Seguridad y Servicios Sociales de los Trabajadores del Estado (ISSSTE) y concluir\u00e1 el 28 de marzo de 2025.<\/p>\n\n\n\n<p>\u00bfQui\u00e9nes pueden recibir la vacuna covid-19 e influenza?<br>Las vacunas de covid-19 e influenza ser\u00e1n aplicadas de manera gratuita en las unidades m\u00e9dicas del IMSS y en los m\u00f3dulos del PrevenIMSS, IMSS Bienestar, ISSSTE, guarder\u00edas y en puntos que se instalar\u00e1n en centros comerciales.<\/p>\n\n\n\n<p>La campa\u00f1a nacional de vacunaci\u00f3n invernal 2024-2025 incluye biol\u00f3gicos contra la influenza y covid-19, dirigidos a grupos espec\u00edficos de la poblaci\u00f3n con mayor riesgo de complicaciones.<\/p>\n\n\n\n<p>Para la influenza, la poblaci\u00f3n objetivo incluye:<\/p>\n\n\n\n<p>Ni\u00f1as y ni\u00f1os de 6 meses a 4 a\u00f1os con 11 meses<br>Personas mayores de 60 a\u00f1os<br>Embarazadas, en cualquier trimestre de la gestaci\u00f3n<br>Personal de salud<br>Personas de 5 a 59 a\u00f1os con comorbilidades, tales como:<br>Enfermedades pulmonares cr\u00f3nicas, como EPOC o asma<br>Diabetes mellitus descontrolada y obesidad m\u00f3rbida<br>Insuficiencia renal cr\u00f3nica, c\u00e1ncer, o VIH<br>Enfermedad cardiovascular, excepto hipertensi\u00f3n arterial<br>Inmunosupresi\u00f3n por enfermedad o tratamiento<br>Para covid-19, se aplicar\u00e1 una dosis tanto para quienes requieren refuerzo como para los que no completaron su esquema primario. Los grupos prioritarios incluyen:<\/p>\n\n\n\n<p>Personas con comorbilidades, entre los 5 y 59 a\u00f1os, como:<br>Diabetes mellitus descontrolada, obesidad m\u00f3rbida<br>Enfermedad pulmonar cr\u00f3nica (EPOC o asma)<br>Enfermedad cardiovascular, incluida la hipertensi\u00f3n arterial esencial<br>Insuficiencia renal cr\u00f3nica, c\u00e1ncer, o VIH<br>Embarazadas y mujeres en puerperio (con al menos seis meses desde su \u00faltima dosis)<br>Personas mayores de 60 a\u00f1os y personal de salud<\/p>\n\n\n\n<p>El secretario de Salud, David Kershenobich, destac\u00f3 la importancia de que la poblaci\u00f3n vulnerable reciba estas dosis para prevenir hospitalizaciones y complicaciones graves durante la temporada invernal. \u00abLas vacunas son seguras y eficaces\u201d, dijo.<\/p>\n\n\n\n<p>Cualquier persona que desee adquirir la vacuna, a pesar de no formar parte de los grupos vulnerables, puede acceder a una dosis en su centro m\u00e9dico m\u00e1s cercano.<\/p>\n","protected":false},"excerpt":{"rendered":"<p>Las vacunas contra el covid-19 que se aplicar\u00e1n durante la temporada de vacunaci\u00f3n invernal ser\u00e1n del compuesto Patria que desarroll\u00f3 el Gobierno de M\u00e9xico, anunci\u00f3 la presidenta Claudia Sheinbaum Pardo. La campa\u00f1a de vacunaci\u00f3n invernal tambi\u00e9n contemplar\u00e1 la aplicaci\u00f3n de vacunas contra la influenza para prevenir que la poblaci\u00f3n padezca dichas enfermedades que suelen suceder [&hellip;]<\/p>\n","protected":false},"author":4,"featured_media":53500,"comment_status":"open","ping_status":"open","sticky":false,"template":"","format":"standard","meta":{"om_disable_all_campaigns":false,"_monsterinsights_skip_tracking":false,"_monsterinsights_sitenote_active":false,"_monsterinsights_sitenote_note":"","_monsterinsights_sitenote_category":0,"footnotes":""},"categories":[176],"tags":[],"class_list":["post-53499","post","type-post","status-publish","format-standard","has-post-thumbnail","hentry","category-nacional"],"amp_enabled":true,"_links":{"self":[{"href":"https:\/\/lahora.mx\/index.php\/wp-json\/wp\/v2\/posts\/53499","targetHints":{"allow":["GET"]}}],"collection":[{"href":"https:\/\/lahora.mx\/index.php\/wp-json\/wp\/v2\/posts"}],"about":[{"href":"https:\/\/lahora.mx\/index.php\/wp-json\/wp\/v2\/types\/post"}],"author":[{"embeddable":true,"href":"https:\/\/lahora.mx\/index.php\/wp-json\/wp\/v2\/users\/4"}],"replies":[{"embeddable":true,"href":"https:\/\/lahora.mx\/index.php\/wp-json\/wp\/v2\/comments?post=53499"}],"version-history":[{"count":1,"href":"https:\/\/lahora.mx\/index.php\/wp-json\/wp\/v2\/posts\/53499\/revisions"}],"predecessor-version":[{"id":53501,"href":"https:\/\/lahora.mx\/index.php\/wp-json\/wp\/v2\/posts\/53499\/revisions\/53501"}],"wp:featuredmedia":[{"embeddable":true,"href":"https:\/\/lahora.mx\/index.php\/wp-json\/wp\/v2\/media\/53500"}],"wp:attachment":[{"href":"https:\/\/lahora.mx\/index.php\/wp-json\/wp\/v2\/media?parent=53499"}],"wp:term":[{"taxonomy":"category","embeddable":true,"href":"https:\/\/lahora.mx\/index.php\/wp-json\/wp\/v2\/categories?post=53499"},{"taxonomy":"post_tag","embeddable":true,"href":"https:\/\/lahora.mx\/index.php\/wp-json\/wp\/v2\/tags?post=53499"}],"curies":[{"name":"wp","href":"https:\/\/api.w.org\/{rel}","templated":true}]}}