{"id":53490,"date":"2024-10-15T20:13:20","date_gmt":"2024-10-15T20:13:20","guid":{"rendered":"http:\/\/lahora.mx\/?p=53490"},"modified":"2024-10-15T20:13:20","modified_gmt":"2024-10-15T20:13:20","slug":"la-presidenta-sheinbaum-reconocera-a-angela-olazaran-mejor-estudiante-del-mundo","status":"publish","type":"post","link":"https:\/\/lahora.mx\/index.php\/2024\/10\/15\/la-presidenta-sheinbaum-reconocera-a-angela-olazaran-mejor-estudiante-del-mundo\/","title":{"rendered":"La presidenta Sheinbaum reconocer\u00e1 a \u00c1ngela Olazar\u00e1n, mejor estudiante del mundo"},"content":{"rendered":"\n<p>La presidenta Claudia Sheinbaum Pardo anunci\u00f3 su intenci\u00f3n de reconocer a \u00c1ngela Olazar\u00e1n Laureano, una joven de 17 a\u00f1os originaria de Papantla, Veracruz, galardonada con el Global Student Prize 2024 en Nueva York. Durante la semana de la Asamblea General de las Naciones Unidas, la mandataria expres\u00f3 su deseo de rendir homenaje a la estudiante, destacando la importancia de su trabajo innovador: \u201cLa vamos a buscar, much\u00edsimas felicidades\u201d, coment\u00f3 en una reciente conferencia de prensa.<\/p>\n\n\n\n<p>Olazar\u00e1n captur\u00f3 la atenci\u00f3n del mundo por su notable logro en el \u00e1mbito acad\u00e9mico y tecnol\u00f3gico. A su corta edad, cre\u00f3 un asistente m\u00e9dico virtual llamado Ixtitl\u00f3n, que utiliza inteligencia artificial para diagnosticar 21 enfermedades a partir de una serie de preguntas. Este proyecto resalt\u00f3 su creatividad y habilidades en ciencias, contribuyendo al acceso a la salud en comunidades vulnerables<\/p>\n\n\n\n<p>Sheinbaum enfatiz\u00f3 la necesidad de promover la participaci\u00f3n de las mujeres en campos como la ciencia, la tecnolog\u00eda, la ingenier\u00eda y las matem\u00e1ticas. Mencion\u00f3 que hist\u00f3ricamente se ha desalentado a las mujeres a incursionar en estas \u00e1reas, pero es esencial romper con esos prejuicios. \u00abEl fortalecimiento de la mujer en la sociedad es acabar con cualquier discriminaci\u00f3n\u00bb, subray\u00f3.<\/p>\n\n\n\n<p>El reconocimiento a \u00c1ngela Olazar\u00e1n busca inspirar a otras j\u00f3venes mexicanas a seguir sus pasos. \u00abImag\u00ednense c\u00f3mo se le abre el panorama a una ni\u00f1a mexicana al ver a \u00c1ngela triunfar\u00bb, se\u00f1al\u00f3 Sheinbaum, a\u00f1adiendo que su \u00e9xito puede motivar a futuras generaciones a participar en actividades cient\u00edficas y tecnol\u00f3gicas.<\/p>\n\n\n\n<p>El papel de mujeres como la astronauta mexicana, quien ha impartido conferencias y charlas a ni\u00f1os y ni\u00f1as, se presenta como un excelente ejemplo de c\u00f3mo el liderazgo femenino puede transformar la percepci\u00f3n de las carreras STEM.<\/p>\n\n\n\n<p>El galard\u00f3n que recibi\u00f3 Olazar\u00e1n es un testimonio de su dedicaci\u00f3n en la innovaci\u00f3n tecnol\u00f3gica.<\/p>\n","protected":false},"excerpt":{"rendered":"<p>La presidenta Claudia Sheinbaum Pardo anunci\u00f3 su intenci\u00f3n de reconocer a \u00c1ngela Olazar\u00e1n Laureano, una joven de 17 a\u00f1os originaria de Papantla, Veracruz, galardonada con el Global Student Prize 2024 en Nueva York. Durante la semana de la Asamblea General de las Naciones Unidas, la mandataria expres\u00f3 su deseo de rendir homenaje a la estudiante, [&hellip;]<\/p>\n","protected":false},"author":4,"featured_media":53491,"comment_status":"open","ping_status":"open","sticky":false,"template":"","format":"standard","meta":{"om_disable_all_campaigns":false,"_monsterinsights_skip_tracking":false,"_monsterinsights_sitenote_active":false,"_monsterinsights_sitenote_note":"","_monsterinsights_sitenote_category":0,"footnotes":""},"categories":[176],"tags":[],"class_list":["post-53490","post","type-post","status-publish","format-standard","has-post-thumbnail","hentry","category-nacional"],"amp_enabled":true,"_links":{"self":[{"href":"https:\/\/lahora.mx\/index.php\/wp-json\/wp\/v2\/posts\/53490","targetHints":{"allow":["GET"]}}],"collection":[{"href":"https:\/\/lahora.mx\/index.php\/wp-json\/wp\/v2\/posts"}],"about":[{"href":"https:\/\/lahora.mx\/index.php\/wp-json\/wp\/v2\/types\/post"}],"author":[{"embeddable":true,"href":"https:\/\/lahora.mx\/index.php\/wp-json\/wp\/v2\/users\/4"}],"replies":[{"embeddable":true,"href":"https:\/\/lahora.mx\/index.php\/wp-json\/wp\/v2\/comments?post=53490"}],"version-history":[{"count":1,"href":"https:\/\/lahora.mx\/index.php\/wp-json\/wp\/v2\/posts\/53490\/revisions"}],"predecessor-version":[{"id":53492,"href":"https:\/\/lahora.mx\/index.php\/wp-json\/wp\/v2\/posts\/53490\/revisions\/53492"}],"wp:featuredmedia":[{"embeddable":true,"href":"https:\/\/lahora.mx\/index.php\/wp-json\/wp\/v2\/media\/53491"}],"wp:attachment":[{"href":"https:\/\/lahora.mx\/index.php\/wp-json\/wp\/v2\/media?parent=53490"}],"wp:term":[{"taxonomy":"category","embeddable":true,"href":"https:\/\/lahora.mx\/index.php\/wp-json\/wp\/v2\/categories?post=53490"},{"taxonomy":"post_tag","embeddable":true,"href":"https:\/\/lahora.mx\/index.php\/wp-json\/wp\/v2\/tags?post=53490"}],"curies":[{"name":"wp","href":"https:\/\/api.w.org\/{rel}","templated":true}]}}