{"id":53463,"date":"2024-10-14T16:44:27","date_gmt":"2024-10-14T16:44:27","guid":{"rendered":"http:\/\/lahora.mx\/?p=53463"},"modified":"2024-10-15T16:51:24","modified_gmt":"2024-10-15T16:51:24","slug":"tlaxcala-contara-con-una-ubr-en-cada-municipio-al-finalizar-actual-administracion","status":"publish","type":"post","link":"https:\/\/lahora.mx\/index.php\/2024\/10\/14\/tlaxcala-contara-con-una-ubr-en-cada-municipio-al-finalizar-actual-administracion\/","title":{"rendered":"Tlaxcala contar\u00e1 con una UBR en cada municipio al finalizar actual administraci\u00f3n"},"content":{"rendered":"\n<p>Los m\u00fasculos, huesos y articulaciones proporcionan al cuerpo el armaz\u00f3n que permite flexibilidad de movimientos tanto de los \u00f3rganos como del organismo en s\u00ed mismo; sin embargo, tambi\u00e9n son m\u00e1s propensos a sufrir da\u00f1os que van de algo leve como una distensi\u00f3n a algo m\u00e1s serio como los traumatismos, lo que puede afectar en menor o mayor medida la movilidad de las personas.<br>El no poder desplazarse libremente o sufrir alguna condici\u00f3n f\u00edsica que le impida hacer alguna actividad de manera normal puede ser causado por alguna enfermedad o un accidente, pero, gracias a los avances cient\u00edficos, los m\u00e9dicos tienen a su alcance la posibilidad de devolver la salud, la movilidad y\/o mejorar la calidad de vida de un paciente.<\/p>\n\n\n\n<p>Las sesiones de rehabilitaci\u00f3n pueden incluir: terapia f\u00edsica para mejorar la fuerza, movilidad y condici\u00f3n f\u00edsica, terapia ocupacional para ayudar a desarrollar las actividades diarias, tratamiento para el dolor, tecnolog\u00eda de rehabilitaci\u00f3n y asistencia. <\/p>\n\n\n\n<p>Algunos de los m\u00e9todos para lograrlo son sustituir o reparar las articulaciones, los m\u00fasculos o huesos que se encuentran desgastados por el paso del tiempo o que sufrieron da\u00f1os por cuestiones externas a la edad, situaci\u00f3n que regularmente requiere ser acompa\u00f1ada por rehabilitaci\u00f3n f\u00edsica.<\/p>\n\n\n\n<p>\u00bfQu\u00e9 es la rehabilitaci\u00f3n f\u00edsica?<br>Seg\u00fan la Organizaci\u00f3n Mundial de la Salud (OMS) la rehabilitaci\u00f3n es \u201cun conjunto de intervenciones dise\u00f1adas para optimizar la funci\u00f3n y reducir la discapacidad de un individuo con condiciones de alguna enfermedad, un trastorno, lesi\u00f3n o traumatismo\u201d. Adem\u00e1s, es una parte esencial de la cobertura sanitaria universal, que ayuda a ni\u00f1os, adultos y personas de la tercera edad.<\/p>\n\n\n\n<p>Es un m\u00e9todo de recuperaci\u00f3n que trata de restablecer la funci\u00f3n de diversas partes del cuerpo, se encarga de sanar y recuperar al m\u00e1ximo todas las capacidades motrices de una persona que como ya se dijo anteriormente pudo sufrir una lesi\u00f3n por un accidente, enfermedad o incluso al someterse a una intervenci\u00f3n quir\u00fargica.<\/p>\n\n\n\n<p>Las sesiones de rehabilitaci\u00f3n pueden incluir: terapia f\u00edsica para mejorar la fuerza, movilidad y condici\u00f3n f\u00edsica, terapia ocupacional para ayudar a desarrollar las actividades diarias, tratamiento para el dolor, tecnolog\u00eda de rehabilitaci\u00f3n y asistencia. Cortes\u00eda \/ Gobierno del Estado<\/p>\n\n\n\n<p>Aunque existen otras definiciones en libros y en internet, todas coinciden en que el objetivo es lograr y mantener una funcionalidad \u00f3ptima en la persona que recibe la rehabilitaci\u00f3n f\u00edsica para que pueda reintegrarse a sus actividades rutinarias y pueda ser aut\u00f3nomo.<br><br>Entre los tipos m\u00e1s comunes, est\u00e1n la neurol\u00f3gica atiende enfermedades y condiciones neurol\u00f3gicas desfavorables que conducen a la debilidad muscular extrema, al punto de imposibilitar el balance o la coordinaci\u00f3n, mientras que la musculoesquel\u00e9tica trata sobre la recuperaci\u00f3n o reparaci\u00f3n de las deformidades o dolencias relacionadas con el sistema musculoesquel\u00e9tico del ser humano.<\/p>\n\n\n\n<p>Tambi\u00e9n existe la rehabilitaci\u00f3n cardiopulmonar, que se especializa en el tratamiento de enfermedades que tienen que ver con des\u00f3rdenes cardiopulmonares y, por \u00faltimo, la pedi\u00e1trica que se enfoca en ayudar a reparar y sanar da\u00f1os agudos o defectos que se presentan en menores.<\/p>\n\n\n\n<p>En cualquiera de los casos, las sesiones de rehabilitaci\u00f3n pueden incluir: terapia f\u00edsica para mejorar la fuerza, movilidad y condici\u00f3n f\u00edsica, terapia ocupacional para ayudar a desarrollar las actividades diarias, tratamiento para el dolor, tecnolog\u00eda de rehabilitaci\u00f3n y asistencia para mejorar la funcionalidad y compensar limitaciones.<br>La OMS calcula que en el mundo actualmente hay 2 mil 400 millones de personas que tienen alguna afecci\u00f3n que podr\u00eda mejorar con rehabilitaci\u00f3n, aunque la necesidad de esta aumenta en todo el mundo a\u00f1o con a\u00f1o debido a los cambios en la salud y las caracter\u00edsticas de la poblaci\u00f3n.<\/p>\n\n\n\n<p>En Tlaxcala, alrededor de 71 mil personas padecen de alg\u00fan tipo de discapacidad o problemas con la movilidad de alguna de sus extremidades y el 60 por ciento no tiene la posibilidad de adquirir alguna terapia f\u00edsica, de acuerdo con los datos del Consejo Nacional de Evaluaci\u00f3n de la Pol\u00edtica de Desarrollo Social (Coneval).<\/p>\n\n\n\n<p>Adem\u00e1s, en la actualidad, una gran parte de las necesidades de rehabilitaci\u00f3n de la poblaci\u00f3n no est\u00e1n siendo atendidas, pues cerca del 50 por ciento de las personas no reciben los servicios de rehabilitaci\u00f3n que precisan debido a los costos elevados con fisioterapeutas privados y desconocimiento de los p\u00fablicos.<br><br>\u00bfQu\u00e9 son las UBR?<br>UBR son las siglas de Unidades B\u00e1sicas de Rehabilitaci\u00f3n, las cuales son un espacio que ofrecen servicios de rehabilitaci\u00f3n de primer nivel, con el objetivo de prevenir la discapacidad y promover la salud, y hay tanto municipales como estatales que est\u00e1n al alcance de cualquier persona sin importar estatus social.<\/p>\n\n\n\n<p>Ah\u00ed, ofrecen terapias y atenci\u00f3n de apoyo para pacientes con discapacidades f\u00edsicas temporales o permanentes, o con lesiones como esguinces, lumbalgias, o traumatismos musculoesquel\u00e9ticos que ayudan a las personas a tener mayor movilidad, mejorar su calidad de vida e integrase de nuevo a la sociedad.<\/p>\n\n\n\n<p>En el estado existen 40 UBR municipales y tres estatales que ofrecen los servicios de promoci\u00f3n a la salud, prevenci\u00f3n de discapacidad, rehabilitaci\u00f3n, referencia y contrarreferencia a diferentes especialidades de salud y la entidad es uno de los estados del pa\u00eds que cuentan con mayor n\u00famero de estos espacios.<\/p>\n\n\n\n<p>Las sesiones de rehabilitaci\u00f3n pueden incluir: terapia f\u00edsica para mejorar la fuerza, movilidad y condici\u00f3n f\u00edsica, terapia ocupacional para ayudar a desarrollar las actividades diarias, tratamiento para el dolor, tecnolog\u00eda de rehabilitaci\u00f3n y asistencia. Cortes\u00eda \/ Gobierno del Estado<\/p>\n\n\n\n<p>Acciones<br>\u201cTodas las personas con discapacidad tienen derecho a acceder a los procesos de habilitaci\u00f3n y rehabilitaci\u00f3n integral respetando sus necesidades y posibilidades espec\u00edficas con el objetivo de lograr y mantener la m\u00e1xima autonom\u00eda e independencia, en su capacidad f\u00edsica, mental y vocacional, as\u00ed como la inclusi\u00f3n y participaci\u00f3n plena en todos los aspectos de la vida.\u201d (Art\u00edculo 9 Ley 1618 de 2013).<\/p>\n\n\n\n<p>Ante esta necesidad, el gobierno del estado encabezado por la gobernadora Lorena Cu\u00e9llar Cisneros, a trav\u00e9s del Sistema Estatal para el Desarrollo Integral de la Familia (Sedif) ha reequipado las diferentes UBR, contratado el suministro de equipos y materiales, mejorado las instalaciones y ha construido nuevos espacios.<\/p>\n\n\n\n<p>Cu\u00e9llar Cisneros ha reafirmado su compromiso de lograr que al finalizar su administraci\u00f3n cada uno de los 60 municipios cuenten con una UBR con la finalidad de reducir el porcentaje de personas que no tienen acceso a este servicio y as\u00ed mejorar la calidad de vida de las personas.<\/p>\n","protected":false},"excerpt":{"rendered":"<p>Los m\u00fasculos, huesos y articulaciones proporcionan al cuerpo el armaz\u00f3n que permite flexibilidad de movimientos tanto de los \u00f3rganos como del organismo en s\u00ed mismo; sin embargo, tambi\u00e9n son m\u00e1s propensos a sufrir da\u00f1os que van de algo leve como una distensi\u00f3n a algo m\u00e1s serio como los traumatismos, lo que puede afectar en menor [&hellip;]<\/p>\n","protected":false},"author":4,"featured_media":53464,"comment_status":"open","ping_status":"open","sticky":false,"template":"","format":"standard","meta":{"om_disable_all_campaigns":false,"_monsterinsights_skip_tracking":false,"_monsterinsights_sitenote_active":false,"_monsterinsights_sitenote_note":"","_monsterinsights_sitenote_category":0,"footnotes":""},"categories":[175],"tags":[223,210],"class_list":["post-53463","post","type-post","status-publish","format-standard","has-post-thumbnail","hentry","category-local","tag-puebla","tag-tlaxcala"],"amp_enabled":true,"_links":{"self":[{"href":"https:\/\/lahora.mx\/index.php\/wp-json\/wp\/v2\/posts\/53463","targetHints":{"allow":["GET"]}}],"collection":[{"href":"https:\/\/lahora.mx\/index.php\/wp-json\/wp\/v2\/posts"}],"about":[{"href":"https:\/\/lahora.mx\/index.php\/wp-json\/wp\/v2\/types\/post"}],"author":[{"embeddable":true,"href":"https:\/\/lahora.mx\/index.php\/wp-json\/wp\/v2\/users\/4"}],"replies":[{"embeddable":true,"href":"https:\/\/lahora.mx\/index.php\/wp-json\/wp\/v2\/comments?post=53463"}],"version-history":[{"count":1,"href":"https:\/\/lahora.mx\/index.php\/wp-json\/wp\/v2\/posts\/53463\/revisions"}],"predecessor-version":[{"id":53465,"href":"https:\/\/lahora.mx\/index.php\/wp-json\/wp\/v2\/posts\/53463\/revisions\/53465"}],"wp:featuredmedia":[{"embeddable":true,"href":"https:\/\/lahora.mx\/index.php\/wp-json\/wp\/v2\/media\/53464"}],"wp:attachment":[{"href":"https:\/\/lahora.mx\/index.php\/wp-json\/wp\/v2\/media?parent=53463"}],"wp:term":[{"taxonomy":"category","embeddable":true,"href":"https:\/\/lahora.mx\/index.php\/wp-json\/wp\/v2\/categories?post=53463"},{"taxonomy":"post_tag","embeddable":true,"href":"https:\/\/lahora.mx\/index.php\/wp-json\/wp\/v2\/tags?post=53463"}],"curies":[{"name":"wp","href":"https:\/\/api.w.org\/{rel}","templated":true}]}}