{"id":53460,"date":"2024-10-15T16:43:15","date_gmt":"2024-10-15T16:43:15","guid":{"rendered":"http:\/\/lahora.mx\/?p=53460"},"modified":"2024-10-15T16:43:15","modified_gmt":"2024-10-15T16:43:15","slug":"proxima-semana-se-presentara-nueva-ley-organica-de-la-administracion-publica-estatal","status":"publish","type":"post","link":"https:\/\/lahora.mx\/index.php\/2024\/10\/15\/proxima-semana-se-presentara-nueva-ley-organica-de-la-administracion-publica-estatal\/","title":{"rendered":"Pr\u00f3xima semana se presentar\u00e1 nueva Ley Org\u00e1nica de la Administraci\u00f3n P\u00fablica Estatal"},"content":{"rendered":"\n<p>La pr\u00f3xima semana se presentar\u00e1 la Ley Org\u00e1nica de la Administraci\u00f3n P\u00fablica Estatal para la fusi\u00f3n de secretarias de Alejandro Armenta, confirm\u00f3 el diputado de Morena, Jos\u00e9 Luis Garc\u00eda Parra al referir que qued\u00f3 el 100 por ciento de su redacci\u00f3n.<\/p>\n\n\n\n<p>En entrevista confirm\u00f3 que cada punto fue revisado por el propio Alejandro Armenta, quien en un evento p\u00fablico dar\u00e1 detalles del proyecto de ley.<\/p>\n\n\n\n<p>\u201cEl gobernador electo se ha comprometido, se ha dedicado a revisarla personalmente punto por punto. Se ha hecho un trabajo adecuado a la visi\u00f3n de la administraci\u00f3n y no les puedo dar el detalle y ser\u00e1 una sorpresa para la pr\u00f3xima semana\u201d, coment\u00f3.<\/p>\n\n\n\n<p>Reiter\u00f3 que habr\u00e1 la misma cantidad de dependencias, es decir 17, las cuales algunas se fusionan y otras ser\u00e1n de nueva creaci\u00f3n.<\/p>\n\n\n\n<p>Explic\u00f3 que el plan de Puebla se empata con la l\u00ednea de gobierno de la administraci\u00f3n de Claudia Sheinbaum Pardo.<\/p>\n\n\n\n<p>Es preciso mencionar que Alejandro Armenta ha confirmado la integraci\u00f3n de la Jefatura de Gabinete y Oficina del Gobernador, adem\u00e1s de la Secretar\u00eda de Arte y Cultura, la Secretar\u00eda de Promoci\u00f3n y Desarrollo Tur\u00edstico.<\/p>\n\n\n\n<p>Mientras por los nombramientos en el gabinete se conoce de la fusi\u00f3n de la Secretar\u00eda de Planeaci\u00f3n, Finanzas y Administraci\u00f3n, que estar\u00e1 a cargo de Josefina Morales Guerrero, as\u00ed como la Secretar\u00eda de Desarrollo Econ\u00f3mico y Trabajo que tendr\u00e1 como titular a V\u00edctor Gabriel Chedraui.<\/p>\n\n\n\n<p>En tanto ser\u00e1n de nueva creaci\u00f3n la Agencia Estatal de Turismo, adem\u00e1s de la Secretar\u00eda de Humanidades, Ciencia, Tecnolog\u00eda e Innovaci\u00f3n, esta \u00faltima que va a dirigir Celina Pe\u00f1a Guzm\u00e1n.<\/p>\n\n\n\n<p>Jos\u00e9 Luis Garc\u00eda Parra coment\u00f3 que habr\u00e1 apertura para que diputados de la oposici\u00f3n realicen aportaciones que sumen a favor de la nueva Ley Org\u00e1nica de Administraci\u00f3n Puebla.<\/p>\n\n\n\n<p>Mientras en materia de presupuesto, coment\u00f3 que cada proyecto debe de justificarse, as\u00ed como las solicitudes de ampliaciones presupuestales, las cuales estar\u00e1n tom\u00e1ndose en cuenta antes del 15 de noviembre.<\/p>\n","protected":false},"excerpt":{"rendered":"<p>La pr\u00f3xima semana se presentar\u00e1 la Ley Org\u00e1nica de la Administraci\u00f3n P\u00fablica Estatal para la fusi\u00f3n de secretarias de Alejandro Armenta, confirm\u00f3 el diputado de Morena, Jos\u00e9 Luis Garc\u00eda Parra al referir que qued\u00f3 el 100 por ciento de su redacci\u00f3n. En entrevista confirm\u00f3 que cada punto fue revisado por el propio Alejandro Armenta, quien [&hellip;]<\/p>\n","protected":false},"author":4,"featured_media":53461,"comment_status":"open","ping_status":"open","sticky":false,"template":"","format":"standard","meta":{"om_disable_all_campaigns":false,"_monsterinsights_skip_tracking":false,"_monsterinsights_sitenote_active":false,"_monsterinsights_sitenote_note":"","_monsterinsights_sitenote_category":0,"footnotes":""},"categories":[5],"tags":[128,223],"class_list":["post-53460","post","type-post","status-publish","format-standard","has-post-thumbnail","hentry","category-politica","tag-politics","tag-puebla"],"amp_enabled":true,"_links":{"self":[{"href":"https:\/\/lahora.mx\/index.php\/wp-json\/wp\/v2\/posts\/53460","targetHints":{"allow":["GET"]}}],"collection":[{"href":"https:\/\/lahora.mx\/index.php\/wp-json\/wp\/v2\/posts"}],"about":[{"href":"https:\/\/lahora.mx\/index.php\/wp-json\/wp\/v2\/types\/post"}],"author":[{"embeddable":true,"href":"https:\/\/lahora.mx\/index.php\/wp-json\/wp\/v2\/users\/4"}],"replies":[{"embeddable":true,"href":"https:\/\/lahora.mx\/index.php\/wp-json\/wp\/v2\/comments?post=53460"}],"version-history":[{"count":1,"href":"https:\/\/lahora.mx\/index.php\/wp-json\/wp\/v2\/posts\/53460\/revisions"}],"predecessor-version":[{"id":53462,"href":"https:\/\/lahora.mx\/index.php\/wp-json\/wp\/v2\/posts\/53460\/revisions\/53462"}],"wp:featuredmedia":[{"embeddable":true,"href":"https:\/\/lahora.mx\/index.php\/wp-json\/wp\/v2\/media\/53461"}],"wp:attachment":[{"href":"https:\/\/lahora.mx\/index.php\/wp-json\/wp\/v2\/media?parent=53460"}],"wp:term":[{"taxonomy":"category","embeddable":true,"href":"https:\/\/lahora.mx\/index.php\/wp-json\/wp\/v2\/categories?post=53460"},{"taxonomy":"post_tag","embeddable":true,"href":"https:\/\/lahora.mx\/index.php\/wp-json\/wp\/v2\/tags?post=53460"}],"curies":[{"name":"wp","href":"https:\/\/api.w.org\/{rel}","templated":true}]}}