{"id":53448,"date":"2024-10-15T15:54:42","date_gmt":"2024-10-15T15:54:42","guid":{"rendered":"http:\/\/lahora.mx\/?p=53448"},"modified":"2024-10-15T15:54:43","modified_gmt":"2024-10-15T15:54:43","slug":"claudia-sheinbaum-inversiones-estan-seguras-con-reforma-judicial","status":"publish","type":"post","link":"https:\/\/lahora.mx\/index.php\/2024\/10\/15\/claudia-sheinbaum-inversiones-estan-seguras-con-reforma-judicial\/","title":{"rendered":"Claudia Sheinbaum: inversiones est\u00e1n seguras con reforma judicial"},"content":{"rendered":"\n<p>La presidenta Claudia Sheinbaum puntualiz\u00f3 que ning\u00fan empresario estadounidense, de cualquier otro pa\u00eds, ni de M\u00e9xico, tienen de que preocuparse por la reforma judicial, \u201cal contrario, se sanear\u00e1\u201d.<\/p>\n\n\n\n<p>Durante la ma\u00f1anera del pueblo de hoy, desde Palacio Nacional, la titular del Ejecutivo federal sostuvo que ning\u00fan empresario tiene de que preocuparse: \u201cEn el Poder Judicial se ha demostrado la corrupci\u00f3n que existe, lo que estamos haciendo es reformarlo\u201d.<\/p>\n\n\n\n<p>\u201cAdelanto que lo que hemos planteado, no tienen por qu\u00e9 preocuparse, la reforma judicial es para fortalecer el Estado de Derecho, no tienen por qu\u00e9 temer al Poder Judicial, al contrario, se va a sanear el Poder Judicial para fortalecer el Estado de Derecho\u201d, enfatiz\u00f3.<\/p>\n\n\n\n<p>Luego de que el secretario de Econom\u00eda, Marcelo Ebrard detallara en qu\u00e9 consistir\u00e1 el US-M\u00e9xico CEO Dialogue, Claudia Sheinbaum reiter\u00f3 al sector empresarial de EU que sus inversiones est\u00e1n seguras en el pa\u00eds.<\/p>\n\n\n\n<p>Reiter\u00f3 que la reforma judicial fortalece el Estado de Derecho y que sus inversiones est\u00e1n seguras en el pa\u00eds.<\/p>\n\n\n\n<p>\u201cQue lo escuchen de nosotros, que conozcan, que nos interesa que van a invertir bajo un plan de desarrollo\u201d, puntualiz\u00f3 la mandataria federal.<\/p>\n\n\n\n<p>\u201cLa v\u00eda para resolver la crisis que se tiene en el Poder Judicial es la que aprob\u00f3 el pueblo de M\u00e9xico\u201d, espet\u00f3.<\/p>\n","protected":false},"excerpt":{"rendered":"<p>La presidenta Claudia Sheinbaum puntualiz\u00f3 que ning\u00fan empresario estadounidense, de cualquier otro pa\u00eds, ni de M\u00e9xico, tienen de que preocuparse por la reforma judicial, \u201cal contrario, se sanear\u00e1\u201d. Durante la ma\u00f1anera del pueblo de hoy, desde Palacio Nacional, la titular del Ejecutivo federal sostuvo que ning\u00fan empresario tiene de que preocuparse: \u201cEn el Poder Judicial [&hellip;]<\/p>\n","protected":false},"author":4,"featured_media":53449,"comment_status":"open","ping_status":"open","sticky":false,"template":"","format":"standard","meta":{"om_disable_all_campaigns":false,"_monsterinsights_skip_tracking":false,"_monsterinsights_sitenote_active":false,"_monsterinsights_sitenote_note":"","_monsterinsights_sitenote_category":0,"footnotes":""},"categories":[176],"tags":[223],"class_list":["post-53448","post","type-post","status-publish","format-standard","has-post-thumbnail","hentry","category-nacional","tag-puebla"],"amp_enabled":true,"_links":{"self":[{"href":"https:\/\/lahora.mx\/index.php\/wp-json\/wp\/v2\/posts\/53448","targetHints":{"allow":["GET"]}}],"collection":[{"href":"https:\/\/lahora.mx\/index.php\/wp-json\/wp\/v2\/posts"}],"about":[{"href":"https:\/\/lahora.mx\/index.php\/wp-json\/wp\/v2\/types\/post"}],"author":[{"embeddable":true,"href":"https:\/\/lahora.mx\/index.php\/wp-json\/wp\/v2\/users\/4"}],"replies":[{"embeddable":true,"href":"https:\/\/lahora.mx\/index.php\/wp-json\/wp\/v2\/comments?post=53448"}],"version-history":[{"count":1,"href":"https:\/\/lahora.mx\/index.php\/wp-json\/wp\/v2\/posts\/53448\/revisions"}],"predecessor-version":[{"id":53450,"href":"https:\/\/lahora.mx\/index.php\/wp-json\/wp\/v2\/posts\/53448\/revisions\/53450"}],"wp:featuredmedia":[{"embeddable":true,"href":"https:\/\/lahora.mx\/index.php\/wp-json\/wp\/v2\/media\/53449"}],"wp:attachment":[{"href":"https:\/\/lahora.mx\/index.php\/wp-json\/wp\/v2\/media?parent=53448"}],"wp:term":[{"taxonomy":"category","embeddable":true,"href":"https:\/\/lahora.mx\/index.php\/wp-json\/wp\/v2\/categories?post=53448"},{"taxonomy":"post_tag","embeddable":true,"href":"https:\/\/lahora.mx\/index.php\/wp-json\/wp\/v2\/tags?post=53448"}],"curies":[{"name":"wp","href":"https:\/\/api.w.org\/{rel}","templated":true}]}}