{"id":53416,"date":"2024-10-14T17:18:09","date_gmt":"2024-10-14T17:18:09","guid":{"rendered":"http:\/\/lahora.mx\/?p=53416"},"modified":"2024-10-14T17:28:08","modified_gmt":"2024-10-14T17:28:08","slug":"no-hay-militarizacion-en-puebla-llegada-de-marinos-es-para-mejorar-la-coordinacion-sergio-salomon","status":"publish","type":"post","link":"https:\/\/lahora.mx\/index.php\/2024\/10\/14\/no-hay-militarizacion-en-puebla-llegada-de-marinos-es-para-mejorar-la-coordinacion-sergio-salomon\/","title":{"rendered":"No hay militarizaci\u00f3n en Puebla, llegada de marinos es para mejorar la coordinaci\u00f3n, menciona el gobernador Sergio Salom\u00f3n"},"content":{"rendered":"\n<p>El gobernador de Puebla, Sergio Salom\u00f3n C\u00e9spedes desestim\u00f3 que sea militarizaci\u00f3n la reciente designaci\u00f3n de mandos policiales con experiencia en la Secretar\u00eda de la Defensa Nacional (Sedena) y la Secretar\u00eda de Marina (Semar).<\/p>\n\n\n\n<p>Se dio a conocer que en Puebla habr\u00e1 23 mandos de seguridad con experiencia militar que entrar\u00e1n en funciones a partir del 15 de octubre, una vez que tomen protesta los alcaldes electos de la zona metropolitana y la Sierra Nororiental de Puebla.<\/p>\n\n\n\n<p>Ante esto, C\u00e9spedes Peregrina afirm\u00f3 que esta estrategia solo busca mejorar la coordinaci\u00f3n entre las fuerzas estatales y municipales, as\u00ed como fortalecer las t\u00e1cticas de seguridad p\u00fablica en la entidad. <\/p>\n\n\n\n<p>La decisi\u00f3n de asignar a militares en las 23 cabeceras distritales de Puebla fue defendida por el mandatario estatal, quien dijo que fue bajo acuerdo con el gobernador electo, Alejandro Armenta.<\/p>\n\n\n\n<p>Destac\u00f3 que la formaci\u00f3n de estos mandos permitir\u00e1 establecer un v\u00ednculo efectivo entre los gobiernos municipales y el estatal.<\/p>\n\n\n\n<p>\u201cSu preparaci\u00f3n de alto nivel permitir\u00e1 un v\u00ednculo de ida y vuelta entre municipios y estado\u201d.<\/p>\n\n\n\n<p>El gobernador tambi\u00e9n neg\u00f3 que sea una militarizaci\u00f3n, por el contrario, celebr\u00f3 que los presidentes municipales electos prioricen la seguridad p\u00fablica y refiri\u00f3 que los nombramientos se est\u00e1n haciendo bajo el sentido de derechos humanos.<\/p>\n\n\n\n<p>\u201cNo hay tal militarizaci\u00f3n, se respeta el Estado de Derecho y est\u00e1n salvaguardados sus derechos humanos\u201d.<\/p>\n\n\n\n<p>C\u00e9spedes Peregrina enfatiz\u00f3 la importancia de contar con una polic\u00eda capacitada y formada bajo un enfoque ciudadano, social y preventivo.<\/p>\n\n\n\n<p>El mandatario tambi\u00e9n mencion\u00f3 que la colaboraci\u00f3n con las fuerzas armadas no es un fen\u00f3meno nuevo, ya que, desde hace tiempo, Puebla ha trabajado en conjunto con la Sedena, la Semar y la Guardia Nacional, lo que ha llevado a una \u201cmezcla\u201d de corporaciones que ha mostrado resultados positivos en la lucha contra la delincuencia.<\/p>\n\n\n\n<p>\u201cA Puebla le ha dado resultados esa mezcla; hemos venido trabajando desde hace mucho tiempo y eso ha dado buenos resultados\u201d.<\/p>\n\n\n\n<p>Cabe mencionar que, las designaciones se realizaron el pasado 9 de octubre bajo consentimiento del gobernador electo, Alejandro Armenta.<\/p>\n\n\n\n<p>Al menos 11 alcaldes han informado sobre los marinos y tenientes que estar\u00e1n como titulares de la Secretar\u00eda de Seguridad Ciudadana; mientras que, 12 a\u00fan no revelan el nombre de los funcionarios a su cargo.<\/p>\n","protected":false},"excerpt":{"rendered":"<p>El gobernador de Puebla, Sergio Salom\u00f3n C\u00e9spedes desestim\u00f3 que sea militarizaci\u00f3n la reciente designaci\u00f3n de mandos policiales con experiencia en la Secretar\u00eda de la Defensa Nacional (Sedena) y la Secretar\u00eda de Marina (Semar). Se dio a conocer que en Puebla habr\u00e1 23 mandos de seguridad con experiencia militar que entrar\u00e1n en funciones a partir del [&hellip;]<\/p>\n","protected":false},"author":4,"featured_media":53418,"comment_status":"open","ping_status":"open","sticky":false,"template":"","format":"standard","meta":{"om_disable_all_campaigns":false,"_monsterinsights_skip_tracking":false,"_monsterinsights_sitenote_active":false,"_monsterinsights_sitenote_note":"","_monsterinsights_sitenote_category":0,"footnotes":""},"categories":[175],"tags":[195,223],"class_list":["post-53416","post","type-post","status-publish","format-standard","has-post-thumbnail","hentry","category-local","tag-principal","tag-puebla"],"amp_enabled":true,"_links":{"self":[{"href":"https:\/\/lahora.mx\/index.php\/wp-json\/wp\/v2\/posts\/53416","targetHints":{"allow":["GET"]}}],"collection":[{"href":"https:\/\/lahora.mx\/index.php\/wp-json\/wp\/v2\/posts"}],"about":[{"href":"https:\/\/lahora.mx\/index.php\/wp-json\/wp\/v2\/types\/post"}],"author":[{"embeddable":true,"href":"https:\/\/lahora.mx\/index.php\/wp-json\/wp\/v2\/users\/4"}],"replies":[{"embeddable":true,"href":"https:\/\/lahora.mx\/index.php\/wp-json\/wp\/v2\/comments?post=53416"}],"version-history":[{"count":2,"href":"https:\/\/lahora.mx\/index.php\/wp-json\/wp\/v2\/posts\/53416\/revisions"}],"predecessor-version":[{"id":53419,"href":"https:\/\/lahora.mx\/index.php\/wp-json\/wp\/v2\/posts\/53416\/revisions\/53419"}],"wp:featuredmedia":[{"embeddable":true,"href":"https:\/\/lahora.mx\/index.php\/wp-json\/wp\/v2\/media\/53418"}],"wp:attachment":[{"href":"https:\/\/lahora.mx\/index.php\/wp-json\/wp\/v2\/media?parent=53416"}],"wp:term":[{"taxonomy":"category","embeddable":true,"href":"https:\/\/lahora.mx\/index.php\/wp-json\/wp\/v2\/categories?post=53416"},{"taxonomy":"post_tag","embeddable":true,"href":"https:\/\/lahora.mx\/index.php\/wp-json\/wp\/v2\/tags?post=53416"}],"curies":[{"name":"wp","href":"https:\/\/api.w.org\/{rel}","templated":true}]}}