{"id":53413,"date":"2024-10-14T17:11:01","date_gmt":"2024-10-14T17:11:01","guid":{"rendered":"http:\/\/lahora.mx\/?p=53413"},"modified":"2024-10-14T17:11:02","modified_gmt":"2024-10-14T17:11:02","slug":"titular-de-sedatu-da-a-conocer-programa-nacional-de-vivienda","status":"publish","type":"post","link":"https:\/\/lahora.mx\/index.php\/2024\/10\/14\/titular-de-sedatu-da-a-conocer-programa-nacional-de-vivienda\/","title":{"rendered":"Titular de Sedatu da a conocer programa nacional de vivienda"},"content":{"rendered":"\n<p>Esta ma\u00f1ana, Edna Elena Vega Rangel, titular de la Secretar\u00eda de Desarrollo Agrario Territorial y Urbano (Sedatu), inform\u00f3 sobre el programa nacional de vivienda que se aplicar\u00e1 en el pa\u00eds en la administraci\u00f3n de la presidenta de M\u00e9xico, Claudia Sheinbaum Pardo.<\/p>\n\n\n\n<p>En este sentido, la funcionaria detall\u00f3 que el objetivo primordial es construir un mill\u00f3n de casas durante el actual sexenio con el fin de apoyar a los que menos tienen y a los j\u00f3venes que buscan hacer un patrimonio.<\/p>\n\n\n\n<p>Este programa es prioritario para el gobierno de M\u00e9xico y plantea responder a las necesidades de vivienda, crecimiento de la poblaci\u00f3n y se refiere a que para 2025 ocho millones de viviendas se requieren por este crecimiento poblacional, para 2030 ser\u00e1n 6.6 millones de viviendas nuevas\u201d, apunt\u00f3.<\/p>\n\n\n\n<p>En m\u00e1s sobre el tema, la secretaria inform\u00f3 que la iniciativa buscar\u00e1 beneficiar a cuatro sectores principales de la poblaci\u00f3n:<\/p>\n\n\n\n<p>Mujeres jefas de familia.<br>J\u00f3venes.<br>Poblaci\u00f3n ind\u00edgena.<br>Adultos mayores.<br>Para cerrar, se revel\u00f3 que con el mill\u00f3n de viviendas que se pronostican tambi\u00e9n se implementar\u00e1 un programa para la escrituraci\u00f3n de igual n\u00famero de documentos, as\u00ed como 450 mil mejoramientos y ampliaciones.<\/p>\n\n\n\n<p>La inversi\u00f3n estimada para este programa es de 600 mil millones de pesos y se concentrar\u00e1n principalmente en la regi\u00f3n sur y centro del pa\u00eds. Dichas obras crear\u00e1n 6.1 millones de empleos directos y 9.2 millones de empleos indirectos.<\/p>\n","protected":false},"excerpt":{"rendered":"<p>Esta ma\u00f1ana, Edna Elena Vega Rangel, titular de la Secretar\u00eda de Desarrollo Agrario Territorial y Urbano (Sedatu), inform\u00f3 sobre el programa nacional de vivienda que se aplicar\u00e1 en el pa\u00eds en la administraci\u00f3n de la presidenta de M\u00e9xico, Claudia Sheinbaum Pardo. En este sentido, la funcionaria detall\u00f3 que el objetivo primordial es construir un mill\u00f3n [&hellip;]<\/p>\n","protected":false},"author":4,"featured_media":53414,"comment_status":"open","ping_status":"open","sticky":false,"template":"","format":"standard","meta":{"om_disable_all_campaigns":false,"_monsterinsights_skip_tracking":false,"_monsterinsights_sitenote_active":false,"_monsterinsights_sitenote_note":"","_monsterinsights_sitenote_category":0,"footnotes":""},"categories":[175],"tags":[223],"class_list":["post-53413","post","type-post","status-publish","format-standard","has-post-thumbnail","hentry","category-local","tag-puebla"],"amp_enabled":true,"_links":{"self":[{"href":"https:\/\/lahora.mx\/index.php\/wp-json\/wp\/v2\/posts\/53413","targetHints":{"allow":["GET"]}}],"collection":[{"href":"https:\/\/lahora.mx\/index.php\/wp-json\/wp\/v2\/posts"}],"about":[{"href":"https:\/\/lahora.mx\/index.php\/wp-json\/wp\/v2\/types\/post"}],"author":[{"embeddable":true,"href":"https:\/\/lahora.mx\/index.php\/wp-json\/wp\/v2\/users\/4"}],"replies":[{"embeddable":true,"href":"https:\/\/lahora.mx\/index.php\/wp-json\/wp\/v2\/comments?post=53413"}],"version-history":[{"count":1,"href":"https:\/\/lahora.mx\/index.php\/wp-json\/wp\/v2\/posts\/53413\/revisions"}],"predecessor-version":[{"id":53415,"href":"https:\/\/lahora.mx\/index.php\/wp-json\/wp\/v2\/posts\/53413\/revisions\/53415"}],"wp:featuredmedia":[{"embeddable":true,"href":"https:\/\/lahora.mx\/index.php\/wp-json\/wp\/v2\/media\/53414"}],"wp:attachment":[{"href":"https:\/\/lahora.mx\/index.php\/wp-json\/wp\/v2\/media?parent=53413"}],"wp:term":[{"taxonomy":"category","embeddable":true,"href":"https:\/\/lahora.mx\/index.php\/wp-json\/wp\/v2\/categories?post=53413"},{"taxonomy":"post_tag","embeddable":true,"href":"https:\/\/lahora.mx\/index.php\/wp-json\/wp\/v2\/tags?post=53413"}],"curies":[{"name":"wp","href":"https:\/\/api.w.org\/{rel}","templated":true}]}}