{"id":53337,"date":"2024-10-11T18:48:09","date_gmt":"2024-10-11T18:48:09","guid":{"rendered":"http:\/\/lahora.mx\/?p=53337"},"modified":"2024-10-11T18:48:09","modified_gmt":"2024-10-11T18:48:09","slug":"sobrevuelo-de-drones-causa-tension-entre-las-dos-coreas","status":"publish","type":"post","link":"https:\/\/lahora.mx\/index.php\/2024\/10\/11\/sobrevuelo-de-drones-causa-tension-entre-las-dos-coreas\/","title":{"rendered":"Sobrevuelo de drones causa tensi\u00f3n entre las dos Coreas"},"content":{"rendered":"\n<p>El Ministerio de Relaciones Exteriores de la Rep\u00fablica Popular Democr\u00e1tica de Corea (RPDC, o Corea del Norte) acus\u00f3 hoy viernes a la Rep\u00fablica de Corea (Corea del Sur) de enviar drones sobre Pyongyang, inform\u00f3 la Agencia Central de Noticias de Corea (KCNA, por sus siglas en ingl\u00e9s).<\/p>\n\n\n\n<p>La canciller\u00eda de Corea del Norte emiti\u00f3 un comunicado el viernes por la noche \u2014horario local\u2014, en que dijo que recientemente Corea del Sur envi\u00f3 drones en diversas ocasiones para arrojar panfletos propagand\u00edsticos contra su gobierno.<\/p>\n\n\n\n<p>Los panfletos que denostaban la forma de vida del pa\u00eds norte se habr\u00edan esparcido sobre Pyongyang durante las noches del 3, 9 y 10 de octubre, inform\u00f3 KCNA.<\/p>\n\n\n\n<p>El comunicado conden\u00f3 a Corea del Sur por su incursi\u00f3n en el espacio a\u00e9reo de Corea del Norte.<\/p>\n\n\n\n<p>Calific\u00f3 al incidente como una flagrante violaci\u00f3n a la soberan\u00eda del pa\u00eds, y una ofensa que constituye una grave provocaci\u00f3n.<\/p>\n\n\n\n<p>El ej\u00e9rcito de Corea del Norte est\u00e1 haciendo los preparativos correspondientes, a\u00f1adi\u00f3 el comunicado.<\/p>\n\n\n\n<p>El ej\u00e9rcito surcoreano rechaz\u00f3 hoy la acusaci\u00f3n y asegur\u00f3 que ellos \u00abno han enviado drones a Corea del Norte\u00bb.<\/p>\n\n\n\n<p>La agencia de noticias Yonhap cit\u00f3 al Estado Mayor de los Jefes Conjuntos de la Rep\u00fablica de Corea, el cual dijo que el ej\u00e9rcito no envi\u00f3 veh\u00edculos a\u00e9reos no tripulados sobre Corea del Norte<\/p>\n","protected":false},"excerpt":{"rendered":"<p>El Ministerio de Relaciones Exteriores de la Rep\u00fablica Popular Democr\u00e1tica de Corea (RPDC, o Corea del Norte) acus\u00f3 hoy viernes a la Rep\u00fablica de Corea (Corea del Sur) de enviar drones sobre Pyongyang, inform\u00f3 la Agencia Central de Noticias de Corea (KCNA, por sus siglas en ingl\u00e9s). La canciller\u00eda de Corea del Norte emiti\u00f3 un [&hellip;]<\/p>\n","protected":false},"author":4,"featured_media":53338,"comment_status":"open","ping_status":"open","sticky":false,"template":"","format":"standard","meta":{"om_disable_all_campaigns":false,"_monsterinsights_skip_tracking":false,"_monsterinsights_sitenote_active":false,"_monsterinsights_sitenote_note":"","_monsterinsights_sitenote_category":0,"footnotes":""},"categories":[183],"tags":[],"class_list":["post-53337","post","type-post","status-publish","format-standard","has-post-thumbnail","hentry","category-internacional"],"amp_enabled":true,"_links":{"self":[{"href":"https:\/\/lahora.mx\/index.php\/wp-json\/wp\/v2\/posts\/53337","targetHints":{"allow":["GET"]}}],"collection":[{"href":"https:\/\/lahora.mx\/index.php\/wp-json\/wp\/v2\/posts"}],"about":[{"href":"https:\/\/lahora.mx\/index.php\/wp-json\/wp\/v2\/types\/post"}],"author":[{"embeddable":true,"href":"https:\/\/lahora.mx\/index.php\/wp-json\/wp\/v2\/users\/4"}],"replies":[{"embeddable":true,"href":"https:\/\/lahora.mx\/index.php\/wp-json\/wp\/v2\/comments?post=53337"}],"version-history":[{"count":1,"href":"https:\/\/lahora.mx\/index.php\/wp-json\/wp\/v2\/posts\/53337\/revisions"}],"predecessor-version":[{"id":53339,"href":"https:\/\/lahora.mx\/index.php\/wp-json\/wp\/v2\/posts\/53337\/revisions\/53339"}],"wp:featuredmedia":[{"embeddable":true,"href":"https:\/\/lahora.mx\/index.php\/wp-json\/wp\/v2\/media\/53338"}],"wp:attachment":[{"href":"https:\/\/lahora.mx\/index.php\/wp-json\/wp\/v2\/media?parent=53337"}],"wp:term":[{"taxonomy":"category","embeddable":true,"href":"https:\/\/lahora.mx\/index.php\/wp-json\/wp\/v2\/categories?post=53337"},{"taxonomy":"post_tag","embeddable":true,"href":"https:\/\/lahora.mx\/index.php\/wp-json\/wp\/v2\/tags?post=53337"}],"curies":[{"name":"wp","href":"https:\/\/api.w.org\/{rel}","templated":true}]}}