{"id":53222,"date":"2024-10-09T21:07:04","date_gmt":"2024-10-09T21:07:04","guid":{"rendered":"http:\/\/lahora.mx\/?p=53222"},"modified":"2024-10-09T21:07:04","modified_gmt":"2024-10-09T21:07:04","slug":"selena-y-sofia-segundo-caso-de-madre-e-hija-desaparecidas-en-puebla","status":"publish","type":"post","link":"https:\/\/lahora.mx\/index.php\/2024\/10\/09\/selena-y-sofia-segundo-caso-de-madre-e-hija-desaparecidas-en-puebla\/","title":{"rendered":"Selena y Sof\u00eda; segundo caso de madre e hija desaparecidas en Puebla"},"content":{"rendered":"\n<p>Otro caso de desaparici\u00f3n de madre e hija menor de edad, se registr\u00f3 en Puebla, ahora es el caso de Selena Reyes Iba\u00f1ez y su peque\u00f1a Sof\u00eda Camila Iba\u00f1ez Reyes.<\/p>\n\n\n\n<p>De acuerdo con la carpeta de investigaci\u00f3n FGEP\/CDI\/FEIDDFPDCP\/DESAPARECIDOS-I\/001536\/2024, Selena de 21 a\u00f1os de edad fue vista por \u00faltima vez en el municipio de Tepatlaxco de Hidalgo en compa\u00f1\u00eda de su hija Sof\u00eda de tres a\u00f1os, por quien incluso ya se emiti\u00f3 una alerta Amber.<\/p>\n\n\n\n<p>La joven madre sali\u00f3 de su domicilio junto con la menor, el pasado 4 de octubre en la citada localidad y desde entonces se desconoce el paradero de ambas.<\/p>\n\n\n\n<p>El d\u00eda de su desaparici\u00f3n, Selena vest\u00eda playera color negro, pantal\u00f3n de mezclilla color azul cuello y tenis blancos. Como se\u00f1a particular, en un brazo cuenta con un tatuaje con el nombre \u201cSelena\u201d.<br>Respecto a la peque\u00f1a, esta vest\u00eda su\u00e9ter color azul, pantal\u00f3n de mezclilla color azul y tenis color gris.<\/p>\n\n\n\n<p>Adem\u00e1s de la campa\u00f1a que existe en redes sociales por parte de familiares y amigos, las autoridades ministeriales tambi\u00e9n ya trabajan en la localizaci\u00f3n de madre e hija.<\/p>\n\n\n\n<p>Este caso se suma a la desaparici\u00f3n de Inocencia Cruz Moreno de 32 a\u00f1os y su hija Alexa M\u00e1rquez Cruz de nueve a\u00f1os, quienes son originarias de Tetela de Ocampo pero desaparecieron el 4 de octubre en la junta auxiliar de San Sebasti\u00e1n de Aparicio en la ciudad de Puebla.<\/p>\n","protected":false},"excerpt":{"rendered":"<p>Otro caso de desaparici\u00f3n de madre e hija menor de edad, se registr\u00f3 en Puebla, ahora es el caso de Selena Reyes Iba\u00f1ez y su peque\u00f1a Sof\u00eda Camila Iba\u00f1ez Reyes. De acuerdo con la carpeta de investigaci\u00f3n FGEP\/CDI\/FEIDDFPDCP\/DESAPARECIDOS-I\/001536\/2024, Selena de 21 a\u00f1os de edad fue vista por \u00faltima vez en el municipio de Tepatlaxco de [&hellip;]<\/p>\n","protected":false},"author":4,"featured_media":53223,"comment_status":"open","ping_status":"open","sticky":false,"template":"","format":"standard","meta":{"om_disable_all_campaigns":false,"_monsterinsights_skip_tracking":false,"_monsterinsights_sitenote_active":false,"_monsterinsights_sitenote_note":"","_monsterinsights_sitenote_category":0,"footnotes":""},"categories":[175,226],"tags":[],"class_list":["post-53222","post","type-post","status-publish","format-standard","has-post-thumbnail","hentry","category-local","category-policia"],"amp_enabled":true,"_links":{"self":[{"href":"https:\/\/lahora.mx\/index.php\/wp-json\/wp\/v2\/posts\/53222","targetHints":{"allow":["GET"]}}],"collection":[{"href":"https:\/\/lahora.mx\/index.php\/wp-json\/wp\/v2\/posts"}],"about":[{"href":"https:\/\/lahora.mx\/index.php\/wp-json\/wp\/v2\/types\/post"}],"author":[{"embeddable":true,"href":"https:\/\/lahora.mx\/index.php\/wp-json\/wp\/v2\/users\/4"}],"replies":[{"embeddable":true,"href":"https:\/\/lahora.mx\/index.php\/wp-json\/wp\/v2\/comments?post=53222"}],"version-history":[{"count":1,"href":"https:\/\/lahora.mx\/index.php\/wp-json\/wp\/v2\/posts\/53222\/revisions"}],"predecessor-version":[{"id":53224,"href":"https:\/\/lahora.mx\/index.php\/wp-json\/wp\/v2\/posts\/53222\/revisions\/53224"}],"wp:featuredmedia":[{"embeddable":true,"href":"https:\/\/lahora.mx\/index.php\/wp-json\/wp\/v2\/media\/53223"}],"wp:attachment":[{"href":"https:\/\/lahora.mx\/index.php\/wp-json\/wp\/v2\/media?parent=53222"}],"wp:term":[{"taxonomy":"category","embeddable":true,"href":"https:\/\/lahora.mx\/index.php\/wp-json\/wp\/v2\/categories?post=53222"},{"taxonomy":"post_tag","embeddable":true,"href":"https:\/\/lahora.mx\/index.php\/wp-json\/wp\/v2\/tags?post=53222"}],"curies":[{"name":"wp","href":"https:\/\/api.w.org\/{rel}","templated":true}]}}