{"id":53219,"date":"2024-10-09T21:00:30","date_gmt":"2024-10-09T21:00:30","guid":{"rendered":"http:\/\/lahora.mx\/?p=53219"},"modified":"2024-10-09T21:01:02","modified_gmt":"2024-10-09T21:01:02","slug":"la-presidenta-sheinbaum-descarta-reunirse-pronto-con-biden","status":"publish","type":"post","link":"https:\/\/lahora.mx\/index.php\/2024\/10\/09\/la-presidenta-sheinbaum-descarta-reunirse-pronto-con-biden\/","title":{"rendered":"La presidenta Sheinbaum descarta reunirse pronto con Biden"},"content":{"rendered":"\n<p>La presidenta Claudia Sheinbaum descart\u00f3 tener una reuni\u00f3n pronto como su hom\u00f3logo de Estados Unidos, Joe Biden, luego de la llamada que sostuvieron la semana pasada en la que de viva voz la felicit\u00f3 por su toma de protesta y convertirse en la primera mujer al frente del gobierno de M\u00e9xico.<\/p>\n\n\n\n<p>En su ma\u00f1anera de este mi\u00e9rcoles, Sheinbaum dijo que en la conversaci\u00f3n telef\u00f3nica con Biden no se hizo el planteamiento espec\u00edfico de una reuni\u00f3n, sino que hablaron de temas fundamentales sobre la coordinaci\u00f3n entre ambas naciones en diferentes rubros.<\/p>\n\n\n\n<p>\u201cNo tengo pensando reunirnos pronto, en la llamada no se plante\u00f3 en particular\u201d, dijo brevemente Sheinbaum y agreg\u00f3 que lo que s\u00ed hablaron es de la reuni\u00f3n que tendr\u00e1 pr\u00f3ximamente el canciller Juan Ram\u00f3n de la Fuente, quien ayer fue ratificado en comisiones del Senado, con el embajador Ken Salazar.<\/p>\n\n\n\n<p>La presidenta dijo que en este encuentro entre Juan Ram\u00f3n de la Fuente y Ken Salazar se van a retomar cuestiones de coordinaci\u00f3n importantes y aclar\u00f3 que nunca hubo una interrupci\u00f3n, luego de que el anterior mandatario, Andr\u00e9s Manuel L\u00f3pez Obrador, declarara una pausa en la relaci\u00f3n con el embajador de Estados Unidos.<\/p>\n\n\n\n<p>Al respecto, Sheinbaum explic\u00f3 que lo que se interrumpi\u00f3 fue una reuni\u00f3n entre Ken Salazar y L\u00f3pez Obrador no por sus declaraciones sobre la reforma judicial, sino por la falta de comunicaci\u00f3n y coordinaci\u00f3n en lo que respecta a Ismael El Mayo Zambada, cuya informaci\u00f3n sobre su detenci\u00f3n a\u00fan siguen esperando.<\/p>\n\n\n\n<p>La presidenta dijo que las autoridades estadunidenses a\u00fan no han explicado al gobierno mexicano los detalles sobre el operativo y acuerdo para la detenci\u00f3n del cofundador del c\u00e1rtel de Sinaloa, hecho que ha aumentado la violencia en Culiac\u00e1n con el enfrentamiento entre dos facciones de dicho grupo criminal.<\/p>\n","protected":false},"excerpt":{"rendered":"<p>La presidenta Claudia Sheinbaum descart\u00f3 tener una reuni\u00f3n pronto como su hom\u00f3logo de Estados Unidos, Joe Biden, luego de la llamada que sostuvieron la semana pasada en la que de viva voz la felicit\u00f3 por su toma de protesta y convertirse en la primera mujer al frente del gobierno de M\u00e9xico. En su ma\u00f1anera de [&hellip;]<\/p>\n","protected":false},"author":4,"featured_media":53220,"comment_status":"open","ping_status":"open","sticky":false,"template":"","format":"standard","meta":{"om_disable_all_campaigns":false,"_monsterinsights_skip_tracking":false,"_monsterinsights_sitenote_active":false,"_monsterinsights_sitenote_note":"","_monsterinsights_sitenote_category":0,"footnotes":""},"categories":[176],"tags":[],"class_list":["post-53219","post","type-post","status-publish","format-standard","has-post-thumbnail","hentry","category-nacional"],"amp_enabled":true,"_links":{"self":[{"href":"https:\/\/lahora.mx\/index.php\/wp-json\/wp\/v2\/posts\/53219","targetHints":{"allow":["GET"]}}],"collection":[{"href":"https:\/\/lahora.mx\/index.php\/wp-json\/wp\/v2\/posts"}],"about":[{"href":"https:\/\/lahora.mx\/index.php\/wp-json\/wp\/v2\/types\/post"}],"author":[{"embeddable":true,"href":"https:\/\/lahora.mx\/index.php\/wp-json\/wp\/v2\/users\/4"}],"replies":[{"embeddable":true,"href":"https:\/\/lahora.mx\/index.php\/wp-json\/wp\/v2\/comments?post=53219"}],"version-history":[{"count":1,"href":"https:\/\/lahora.mx\/index.php\/wp-json\/wp\/v2\/posts\/53219\/revisions"}],"predecessor-version":[{"id":53221,"href":"https:\/\/lahora.mx\/index.php\/wp-json\/wp\/v2\/posts\/53219\/revisions\/53221"}],"wp:featuredmedia":[{"embeddable":true,"href":"https:\/\/lahora.mx\/index.php\/wp-json\/wp\/v2\/media\/53220"}],"wp:attachment":[{"href":"https:\/\/lahora.mx\/index.php\/wp-json\/wp\/v2\/media?parent=53219"}],"wp:term":[{"taxonomy":"category","embeddable":true,"href":"https:\/\/lahora.mx\/index.php\/wp-json\/wp\/v2\/categories?post=53219"},{"taxonomy":"post_tag","embeddable":true,"href":"https:\/\/lahora.mx\/index.php\/wp-json\/wp\/v2\/tags?post=53219"}],"curies":[{"name":"wp","href":"https:\/\/api.w.org\/{rel}","templated":true}]}}