{"id":53210,"date":"2024-10-09T20:21:05","date_gmt":"2024-10-09T20:21:05","guid":{"rendered":"http:\/\/lahora.mx\/?p=53210"},"modified":"2024-10-09T20:21:06","modified_gmt":"2024-10-09T20:21:06","slug":"reivindicar-historia-de-tlaxcala-pide-la-gobernadora-cuellar-al-comite-organizador-de-la-celebracion-de-los-500-anos-de-la-ciudad-capital","status":"publish","type":"post","link":"https:\/\/lahora.mx\/index.php\/2024\/10\/09\/reivindicar-historia-de-tlaxcala-pide-la-gobernadora-cuellar-al-comite-organizador-de-la-celebracion-de-los-500-anos-de-la-ciudad-capital\/","title":{"rendered":"Reivindicar historia de Tlaxcala, pide La gobernadora Cu\u00e9llar al comit\u00e9 organizador de la celebraci\u00f3n de los 500 a\u00f1os de la ciudad capital"},"content":{"rendered":"\n<p>Honrar la importancia de Tlaxcala en la historia del pa\u00eds y revindicar el papel que jug\u00f3 para la construcci\u00f3n de la naci\u00f3n, pidi\u00f3 la gobernadora Lorena Cu\u00e9llar Cisneros al tomar protesta a los integrantes de la Comisi\u00f3n para la Conmemoraci\u00f3n de los 500 a\u00f1os de la fundaci\u00f3n de la ciudad capital.<br>A un a\u00f1o de que se cumpla el quinto centenario de fundaci\u00f3n de la ciudad de Tlaxcala, la mandataria estatal convoc\u00f3 a la comisi\u00f3n encargada de conmemorar este hecho a destacar la relevancia hist\u00f3rica y cultural del pueblo tlaxcalteca.<\/p>\n\n\n\n<p>En el Patio Central del Palacio de Gobierno, Cu\u00e9llar Cisneros agradeci\u00f3 a la exgobernadora Beatriz Elena Paredes Rangel aceptar encabezar los trabajos de esta comisi\u00f3n, como vicepresidenta honor\u00edfica, al resaltar que representa una oportunidad invaluable para recordarle a las nuevas generaciones el papel relevante de Tlaxcala en la conformaci\u00f3n de la patria.<\/p>\n\n\n\n<p>\u201cDesde el inicio del gobierno hemos tenido la firme convicci\u00f3n de abonar a la reivindicaci\u00f3n del papel de los tlaxcaltecas en la historia, especialmente para las nuevas generaciones, debido a que la narrativa hist\u00f3rica no siempre ha sido justa con el Estado y durante mucho tiempo tuvimos grandes estigmas que iban desde la mal llamada traici\u00f3n, hasta la negaci\u00f3n de nuestra existencia\u201d, subray\u00f3.<\/p>\n\n\n\n<p>Resalt\u00f3 que la historia de Tlaxcala ha sido la de un pueblo invencible, indomable, estratega e hist\u00f3ricamente republicano, en el que la estructura confederada de los cuatro se\u00f1or\u00edos permiti\u00f3 resistir la expansi\u00f3n del imperio azteca.<\/p>\n\n\n\n<p>Adem\u00e1s, sostuvo que Tlaxcala es un testimonio vivo de capacidad, adaptaci\u00f3n y fortaleza de la gente, que son los atributos que la distinguen hasta el d\u00eda de hoy, atributos que resalt\u00f3 deben ser conocidos por las nuevas generaciones.<\/p>\n\n\n\n<p>\u201cUstedes deben recordar que a pesar de las atrocidades siempre hemos encontrado otra manera de salir adelante, por ello, como integrantes de la comisi\u00f3n tienen la noble tarea de planear y ejecutar acciones que no solo conmemoren la fundaci\u00f3n de nuestra bella e hist\u00f3rica ciudad, sino que tambi\u00e9n resalten la importancia de Tlaxcala en la conformaci\u00f3n de nuestra patria\u201d, destac\u00f3.<br>En su calidad de presidente ejecutivo de la comisi\u00f3n conmemorativa, el alcalde Alfonso S\u00e1nchez Garc\u00eda refiri\u00f3 que asumen una gran responsabilidad para la conmemoraci\u00f3n de los 500 a\u00f1os de la fundaci\u00f3n de la ciudad de Tlaxcala, en la que la historia, cultura y tradici\u00f3n destacar\u00e1n.<\/p>\n\n\n\n<p>Afirm\u00f3 que este hecho que se traduce como una importante herencia, los obliga como comisi\u00f3n a establecer acciones de vital relevancia que perduren a lo largo de los a\u00f1os y si es posible por cinco siglos m\u00e1s.<\/p>\n\n\n\n<p>Reconoci\u00f3 la iniciativa de la gobernadora Lorena Cu\u00e9llar para que con un a\u00f1o de anticipaci\u00f3n se preparen para conmemorar la fundaci\u00f3n de la ciudad capital, debido a que han visto crecer y transformar al patrimonio cultural y su memoria, as\u00ed como convivir con la modernidad y el desarrollo local.<\/p>\n\n\n\n<p>Explic\u00f3 que su trabajo ser\u00e1 fundamental para preservar la historia y la cultura, construir un nuevo legado que inspire a generaciones futuras, que los hagan sentir orgullosos entre la historia, la innovaci\u00f3n y el legado de 500 a\u00f1os.<\/p>\n\n\n\n<p>En su oportunidad, la titular de la Secretar\u00eda de Cultura, Karen \u00c1lvarez Villeda, enfatiz\u00f3 que la gobernadora ha destacado el papel de la capital como su gobernante, como diputada y ahora desde el Gobierno del Estado, por el importante cari\u00f1o que le tiene.<\/p>\n\n\n\n<p>Apunt\u00f3 que \u201choy nos convoca un hecho de gran trascendencia para todos los tlaxcaltecas, hoy conformamos la comisi\u00f3n que conmemorar\u00e1 los 500 a\u00f1os de fundaci\u00f3n de la capital, como bien sabemos, es un territorio que ha sido testigo de un proceso hist\u00f3rico y cultural que ha abordado generaciones\u201d.<\/p>\n\n\n\n<p>La funcionaria estatal se\u00f1al\u00f3 que a lo largo de cinco siglos, este proceso no s\u00f3lo ha sido de encuentro de razas, sino tambi\u00e9n de costumbres, creencias y formas de vida que han dejado huella en la sociedad tlaxcalteca, resultado de la congruencia de las ra\u00edces ind\u00edgenas y de la herencia cultural del mestizaje.<\/p>\n\n\n\n<p>Agreg\u00f3 que \u201cla ciudad de Tlaxcala ha sido un motor de resistencia y resiliencia a lo largo de nuestra historia, debido a que la ciudad ha demostrado capacidad para adaptarse\u00bb.<\/p>\n\n\n\n<p>La comisi\u00f3n ser\u00e1 encabezada por la gobernadora Lorena Cu\u00e9llar Cisneros como presidenta honor\u00edfica; Beatriz Paredes Rangel como vicepresidenta honor\u00edfica y el presidente municipal de Tlaxcala, Alfonso S\u00e1nchez Garc\u00eda, como presidente ejecutivo.<\/p>\n\n\n\n<p>En tanto, el rector de la Universidad Aut\u00f3noma de Tlaxcala, Seraf\u00edn Ortiz Ortiz como primer secretario; el secretario de Turismo, Fabricio Mena Rodr\u00edguez, como segundo secretario; el titular del INAH, Jos\u00e9 Vicente de la Rosa Herrera, como tercer secretario; la titular de la Secretar\u00eda de Cultura, Karen \u00c1lvarez Villeda, como tesorera.<\/p>\n\n\n\n<p>Las vocal\u00edas quedan a cargo de Javier Fragoso Ram\u00edrez, director de Cultura y Recreaci\u00f3n de la Sepe-Uset; Orlando Cuatepotzo S\u00e1nchez, cronista de la ciudad; Ranulfo Rojas Bret\u00f3n, vocero de la Di\u00f3cesis de Tlaxcala; Olimpia Guevara, escritora y maestra de literatura, entre otros.<\/p>\n","protected":false},"excerpt":{"rendered":"<p>Honrar la importancia de Tlaxcala en la historia del pa\u00eds y revindicar el papel que jug\u00f3 para la construcci\u00f3n de la naci\u00f3n, pidi\u00f3 la gobernadora Lorena Cu\u00e9llar Cisneros al tomar protesta a los integrantes de la Comisi\u00f3n para la Conmemoraci\u00f3n de los 500 a\u00f1os de la fundaci\u00f3n de la ciudad capital.A un a\u00f1o de que [&hellip;]<\/p>\n","protected":false},"author":4,"featured_media":53211,"comment_status":"open","ping_status":"open","sticky":false,"template":"","format":"standard","meta":{"om_disable_all_campaigns":false,"_monsterinsights_skip_tracking":false,"_monsterinsights_sitenote_active":false,"_monsterinsights_sitenote_note":"","_monsterinsights_sitenote_category":0,"footnotes":""},"categories":[176],"tags":[223,210],"class_list":["post-53210","post","type-post","status-publish","format-standard","has-post-thumbnail","hentry","category-nacional","tag-puebla","tag-tlaxcala"],"amp_enabled":true,"_links":{"self":[{"href":"https:\/\/lahora.mx\/index.php\/wp-json\/wp\/v2\/posts\/53210","targetHints":{"allow":["GET"]}}],"collection":[{"href":"https:\/\/lahora.mx\/index.php\/wp-json\/wp\/v2\/posts"}],"about":[{"href":"https:\/\/lahora.mx\/index.php\/wp-json\/wp\/v2\/types\/post"}],"author":[{"embeddable":true,"href":"https:\/\/lahora.mx\/index.php\/wp-json\/wp\/v2\/users\/4"}],"replies":[{"embeddable":true,"href":"https:\/\/lahora.mx\/index.php\/wp-json\/wp\/v2\/comments?post=53210"}],"version-history":[{"count":1,"href":"https:\/\/lahora.mx\/index.php\/wp-json\/wp\/v2\/posts\/53210\/revisions"}],"predecessor-version":[{"id":53212,"href":"https:\/\/lahora.mx\/index.php\/wp-json\/wp\/v2\/posts\/53210\/revisions\/53212"}],"wp:featuredmedia":[{"embeddable":true,"href":"https:\/\/lahora.mx\/index.php\/wp-json\/wp\/v2\/media\/53211"}],"wp:attachment":[{"href":"https:\/\/lahora.mx\/index.php\/wp-json\/wp\/v2\/media?parent=53210"}],"wp:term":[{"taxonomy":"category","embeddable":true,"href":"https:\/\/lahora.mx\/index.php\/wp-json\/wp\/v2\/categories?post=53210"},{"taxonomy":"post_tag","embeddable":true,"href":"https:\/\/lahora.mx\/index.php\/wp-json\/wp\/v2\/tags?post=53210"}],"curies":[{"name":"wp","href":"https:\/\/api.w.org\/{rel}","templated":true}]}}