{"id":53207,"date":"2024-10-09T20:17:13","date_gmt":"2024-10-09T20:17:13","guid":{"rendered":"http:\/\/lahora.mx\/?p=53207"},"modified":"2024-10-09T20:17:14","modified_gmt":"2024-10-09T20:17:14","slug":"anuncia-la-gobernadora-lorena-cuellar-inicio-de-trabajos-para-sanear-el-rio-zahuapan","status":"publish","type":"post","link":"https:\/\/lahora.mx\/index.php\/2024\/10\/09\/anuncia-la-gobernadora-lorena-cuellar-inicio-de-trabajos-para-sanear-el-rio-zahuapan\/","title":{"rendered":"Anuncia la gobernadora Lorena Cu\u00e9llar inicio de trabajos para sanear el r\u00edo Zahuapan"},"content":{"rendered":"\n<p>La gobernadora del Estado, Lorena Cu\u00e9llar Cisneros, anunci\u00f3 que han comenzado formalmente los trabajos que dar\u00e1n paso al saneamiento del r\u00edo Zahuapan, uno de los cuerpos de agua m\u00e1s contaminados de la entidad y de la regi\u00f3n centro del pa\u00eds.<\/p>\n\n\n\n<p>Entrevistada en el municipio de Yauhquemehcan tras la inauguraci\u00f3n del Centro de Control y Comando, asever\u00f3 que ese proyecto es clave para mejorar las condiciones ambientales y la calidad de vida en la regi\u00f3n, am\u00e9n de que representa un esfuerzo conjunto entre los gobiernos estatal y federal.<\/p>\n\n\n\n<p>La declaraci\u00f3n se dio tras una jornada de reuniones en la Ciudad de M\u00e9xico el pasado lunes, donde sostuvo encuentros con varios funcionarios de alto nivel.<\/p>\n\n\n\n<p>Gobernadora anuncia inicio de trabajos para sanear el r\u00edo Zahuapan. Jes\u00fas Zempoalteca \/ El Sol de Tlaxcala<br>\u201c<br>Fue un d\u00eda muy productivo. Estuvimos desde muy temprano con el secretario de Educaci\u00f3n, luego con el titular de la Conagua y con el presidente del Senado, entre otras personalidades. Estas reuniones fueron clave para atender los temas que nos interesan en Tlaxcala<br>\u201d, se\u00f1al\u00f3.<\/p>\n\n\n\n<p>Uno de los puntos principales tratados, dijo, fue precisamente el proyecto de saneamiento del r\u00edo Zahuapan, por lo que este martes el equipo de trabajo de la mandataria se traslad\u00f3 a la Ciudad de M\u00e9xico para analizar los proyectos ejecutivos desarrollados desde Tlaxcala.<\/p>\n\n\n\n<p>\u201c<br>Este ocho de octubre mi equipo est\u00e1 trabajando con la Conagua para avanzar en el saneamiento del r\u00edo, desde Tlaxco, donde inicia la contaminaci\u00f3n, hasta la conclusi\u00f3n del mismo, pero a trav\u00e9s de procesos y fases<br>\u201d, detall\u00f3.<\/p>\n\n\n\n<p>La mandataria se\u00f1al\u00f3 que existen siete pasos concretos para avanzar en ese ambicioso proyecto ambiental. Jes\u00fas Zempoalteca \/ El Sol de Tlaxcala<br>De igual forma la mandataria se\u00f1al\u00f3 que existen siete pasos concretos para avanzar en ese ambicioso proyecto ambiental, que incluye desde estudios preliminares hasta la elaboraci\u00f3n de proyectos ejecutivos, con el objetivo de eliminar el problema desde la ra\u00edz.<\/p>\n\n\n\n<p>RESPUESTA A LOS DIPUTADOS LOCALES<\/p>\n\n\n\n<p>En relaci\u00f3n con la solicitud de los diputados locales para que el Secretario de Seguridad Ciudadana, Alberto Mart\u00edn Perea Marrufo y la Fiscal General del Estado, Ernestina Carro Rold\u00e1n comparezcan ante el Congreso, Cu\u00e9llar Cisneros mostr\u00f3 una postura imparcial.<\/p>\n\n\n\n<p>\u201cHay que esperar para confirmar la solicitud de los diputados. Tomaremos en cuenta la opini\u00f3n de los funcionarios, si ellos consideran que es pertinente acudir, lo har\u00e1n\u201d, explic\u00f3.<\/p>\n\n\n\n<p>En temas nacionales, la mandataria tlaxcalteca tambi\u00e9n se pronunci\u00f3 sobre el nombramiento del gobernador de Puebla, Sergio Salom\u00f3n C\u00e9spedes, como director del Instituto Nacional de Migraci\u00f3n (INM).<\/p>\n\n\n\n<p>\u201c<br>Estoy muy feliz porque logr\u00e9 una gran conexi\u00f3n con el gobernador de Puebla. Puedo decir que hubo una amistad sincera y que fue un aliado permanente de Tlaxcala. Me da mucho gusto saber que hoy estar\u00e1 conduciendo los destinos de los migrantes, y s\u00e9 que tendremos mucha comunicaci\u00f3n y su respaldo total en este nuevo encargo<\/p>\n","protected":false},"excerpt":{"rendered":"<p>La gobernadora del Estado, Lorena Cu\u00e9llar Cisneros, anunci\u00f3 que han comenzado formalmente los trabajos que dar\u00e1n paso al saneamiento del r\u00edo Zahuapan, uno de los cuerpos de agua m\u00e1s contaminados de la entidad y de la regi\u00f3n centro del pa\u00eds. Entrevistada en el municipio de Yauhquemehcan tras la inauguraci\u00f3n del Centro de Control y Comando, [&hellip;]<\/p>\n","protected":false},"author":4,"featured_media":53208,"comment_status":"open","ping_status":"open","sticky":false,"template":"","format":"standard","meta":{"om_disable_all_campaigns":false,"_monsterinsights_skip_tracking":false,"_monsterinsights_sitenote_active":false,"_monsterinsights_sitenote_note":"","_monsterinsights_sitenote_category":0,"footnotes":""},"categories":[175],"tags":[223,210],"class_list":["post-53207","post","type-post","status-publish","format-standard","has-post-thumbnail","hentry","category-local","tag-puebla","tag-tlaxcala"],"amp_enabled":true,"_links":{"self":[{"href":"https:\/\/lahora.mx\/index.php\/wp-json\/wp\/v2\/posts\/53207","targetHints":{"allow":["GET"]}}],"collection":[{"href":"https:\/\/lahora.mx\/index.php\/wp-json\/wp\/v2\/posts"}],"about":[{"href":"https:\/\/lahora.mx\/index.php\/wp-json\/wp\/v2\/types\/post"}],"author":[{"embeddable":true,"href":"https:\/\/lahora.mx\/index.php\/wp-json\/wp\/v2\/users\/4"}],"replies":[{"embeddable":true,"href":"https:\/\/lahora.mx\/index.php\/wp-json\/wp\/v2\/comments?post=53207"}],"version-history":[{"count":1,"href":"https:\/\/lahora.mx\/index.php\/wp-json\/wp\/v2\/posts\/53207\/revisions"}],"predecessor-version":[{"id":53209,"href":"https:\/\/lahora.mx\/index.php\/wp-json\/wp\/v2\/posts\/53207\/revisions\/53209"}],"wp:featuredmedia":[{"embeddable":true,"href":"https:\/\/lahora.mx\/index.php\/wp-json\/wp\/v2\/media\/53208"}],"wp:attachment":[{"href":"https:\/\/lahora.mx\/index.php\/wp-json\/wp\/v2\/media?parent=53207"}],"wp:term":[{"taxonomy":"category","embeddable":true,"href":"https:\/\/lahora.mx\/index.php\/wp-json\/wp\/v2\/categories?post=53207"},{"taxonomy":"post_tag","embeddable":true,"href":"https:\/\/lahora.mx\/index.php\/wp-json\/wp\/v2\/tags?post=53207"}],"curies":[{"name":"wp","href":"https:\/\/api.w.org\/{rel}","templated":true}]}}