{"id":53204,"date":"2024-10-09T20:13:42","date_gmt":"2024-10-09T20:13:42","guid":{"rendered":"http:\/\/lahora.mx\/?p=53204"},"modified":"2024-10-09T20:13:43","modified_gmt":"2024-10-09T20:13:43","slug":"trabajadores-del-poder-judicial-bloquean-el-bulevar-hermanos-serdan","status":"publish","type":"post","link":"https:\/\/lahora.mx\/index.php\/2024\/10\/09\/trabajadores-del-poder-judicial-bloquean-el-bulevar-hermanos-serdan\/","title":{"rendered":"Trabajadores del Poder Judicial bloquean el bulevar Hermanos Serd\u00e1n"},"content":{"rendered":"\n<p>Este mi\u00e9rcoles, trabajadores del Poder Judicial de la Federaci\u00f3n se manifestaron en la ciudad de Puebla: bloquearon el bulevar Hermanos Serd\u00e1n, a la altura del BINE.<\/p>\n\n\n\n<p>Aproximadamente 100 personas, todas trabajadoras del PJF del estado de Puebla, arribaron al mediod\u00eda de hoy a la zona del Benem\u00e9rito Instituto Normal del Estado (BINE), para protestar contra la reforma judicial.<\/p>\n\n\n\n<p>Debido a la manifestaci\u00f3n hay tr\u00e1fico intenso en la zona, as\u00ed como filas de veh\u00edculos en ambas direcciones, ya que los inconformes se situaron en la rotonda del camino, frente a la escuela, en la intersecci\u00f3n del bulevar Hermanos Serd\u00e1n y bulevar San Felipe.<\/p>\n\n\n\n<p>Se trata de la segunda protesta de esta semana; ayer realizaron una protesta sobre el Perif\u00e9rico Ecol\u00f3gico, a la altura del Hospital General de Cholula. Dur\u00f3 aproximadamente hora y media.<\/p>\n\n\n\n<p>Hasta el momento se desconoce cu\u00e1nto durar\u00e1 la protesta sobre el bulevar Hermanos Serd\u00e1n, si planean quedarse en el sitio hasta el anochecer o de manera ininterrumpida.<\/p>\n","protected":false},"excerpt":{"rendered":"<p>Este mi\u00e9rcoles, trabajadores del Poder Judicial de la Federaci\u00f3n se manifestaron en la ciudad de Puebla: bloquearon el bulevar Hermanos Serd\u00e1n, a la altura del BINE. Aproximadamente 100 personas, todas trabajadoras del PJF del estado de Puebla, arribaron al mediod\u00eda de hoy a la zona del Benem\u00e9rito Instituto Normal del Estado (BINE), para protestar contra [&hellip;]<\/p>\n","protected":false},"author":4,"featured_media":53205,"comment_status":"open","ping_status":"open","sticky":false,"template":"","format":"standard","meta":{"om_disable_all_campaigns":false,"_monsterinsights_skip_tracking":false,"_monsterinsights_sitenote_active":false,"_monsterinsights_sitenote_note":"","_monsterinsights_sitenote_category":0,"footnotes":""},"categories":[175],"tags":[195,223],"class_list":["post-53204","post","type-post","status-publish","format-standard","has-post-thumbnail","hentry","category-local","tag-principal","tag-puebla"],"amp_enabled":true,"_links":{"self":[{"href":"https:\/\/lahora.mx\/index.php\/wp-json\/wp\/v2\/posts\/53204","targetHints":{"allow":["GET"]}}],"collection":[{"href":"https:\/\/lahora.mx\/index.php\/wp-json\/wp\/v2\/posts"}],"about":[{"href":"https:\/\/lahora.mx\/index.php\/wp-json\/wp\/v2\/types\/post"}],"author":[{"embeddable":true,"href":"https:\/\/lahora.mx\/index.php\/wp-json\/wp\/v2\/users\/4"}],"replies":[{"embeddable":true,"href":"https:\/\/lahora.mx\/index.php\/wp-json\/wp\/v2\/comments?post=53204"}],"version-history":[{"count":1,"href":"https:\/\/lahora.mx\/index.php\/wp-json\/wp\/v2\/posts\/53204\/revisions"}],"predecessor-version":[{"id":53206,"href":"https:\/\/lahora.mx\/index.php\/wp-json\/wp\/v2\/posts\/53204\/revisions\/53206"}],"wp:featuredmedia":[{"embeddable":true,"href":"https:\/\/lahora.mx\/index.php\/wp-json\/wp\/v2\/media\/53205"}],"wp:attachment":[{"href":"https:\/\/lahora.mx\/index.php\/wp-json\/wp\/v2\/media?parent=53204"}],"wp:term":[{"taxonomy":"category","embeddable":true,"href":"https:\/\/lahora.mx\/index.php\/wp-json\/wp\/v2\/categories?post=53204"},{"taxonomy":"post_tag","embeddable":true,"href":"https:\/\/lahora.mx\/index.php\/wp-json\/wp\/v2\/tags?post=53204"}],"curies":[{"name":"wp","href":"https:\/\/api.w.org\/{rel}","templated":true}]}}