{"id":53193,"date":"2024-10-09T16:02:25","date_gmt":"2024-10-09T16:02:25","guid":{"rendered":"http:\/\/lahora.mx\/?p=53193"},"modified":"2024-10-09T16:03:41","modified_gmt":"2024-10-09T16:03:41","slug":"se-aprueba-reforma-sobre-eleccion-en-el-pjf","status":"publish","type":"post","link":"https:\/\/lahora.mx\/index.php\/2024\/10\/09\/se-aprueba-reforma-sobre-eleccion-en-el-pjf\/","title":{"rendered":"Se aprueba reforma sobre elecci\u00f3n en el PJF"},"content":{"rendered":"\n<p>Las Comisiones Unidas de Gobernaci\u00f3n y de Estudios Legislativos del Senado aprobaron reformas a las leyes sobre la elecci\u00f3n de jueces, magistrados y ministros del Poder Judicial de la Federaci\u00f3n (PJF).<\/p>\n\n\n\n<p>Morena y sus aliados impulsaron los cambios, mientras que la oposici\u00f3n los critic\u00f3 duramente durante la sesi\u00f3n que se llev\u00f3 a cabo el d\u00eda de ayer. Este mi\u00e9rcoles pasar\u00e1 al Pleno del Senado para su aprobaci\u00f3n final.<br>La reforma propone que jueces y magistrados se elijan por voto popular a partir de 2025. Los legisladores de Morena aseguraron que los ciudadanos podr\u00e1n participar en la selecci\u00f3n de quienes administran justicia.<\/p>\n\n\n\n<p>La senadora morenista, Lilia Margarita Valdez, calific\u00f3 la reforma como un paso hacia la democratizaci\u00f3n del PJF.<\/p>\n\n\n\n<p>Cr\u00edticas a la reforma al PJF, desde la oposici\u00f3n<br>Legisladores del PRI y el PAN expresaron su preocupaci\u00f3n por la independencia judicial, derivada de los cambios que formula la reforma al PJF.<br>N\u00e9stor Camarillo, del Revolucionario Institucional (PRI), advirti\u00f3 que esta reforma pone en riesgo la autonom\u00eda de los jueces.<\/p>\n\n\n\n<p>Ricardo Anaya, del Acci\u00f3n Nacional (PAN), critic\u00f3 la creaci\u00f3n del Tribunal de Disciplina Judicial, y se\u00f1al\u00f3 que este \u00f3rgano podr\u00eda socavar la independencia del PJF.<\/p>\n\n\n\n<p>A pesar de las cr\u00edticas, el dictamen se aprob\u00f3 gracias a la mayor\u00eda de Morena; se presentar\u00e1 ante el Pleno del Senado para su votaci\u00f3n final este mismo mi\u00e9rcoles.<\/p>\n\n\n\n<p>Reforma judicial al PJF, en marcha<br>Las reformas incluyen cambios propuestos por la presidenta Claudia Sheinbaum Pardo y por la secretaria de Gobernaci\u00f3n, Rosa Icela Rodr\u00edguez, que fueron respaldados por los senadores oficialistas.<\/p>\n\n\n\n<p>El petista Manuel Ladr\u00f3n agreg\u00f3 una reserva que permite a los poderes de la Uni\u00f3n vetar listas de candidatos, lo que, seg\u00fan \u00e9l, asegura el proceso se mantenga bajo control de los tres poderes.<\/p>\n\n\n\n<p>El Senado emitir\u00e1 la convocatoria para la elecci\u00f3n de jueces y magistrados el 16 de octubre de 2024, con votaciones programadas para junio de 2025.<\/p>\n","protected":false},"excerpt":{"rendered":"<p>Las Comisiones Unidas de Gobernaci\u00f3n y de Estudios Legislativos del Senado aprobaron reformas a las leyes sobre la elecci\u00f3n de jueces, magistrados y ministros del Poder Judicial de la Federaci\u00f3n (PJF). Morena y sus aliados impulsaron los cambios, mientras que la oposici\u00f3n los critic\u00f3 duramente durante la sesi\u00f3n que se llev\u00f3 a cabo el d\u00eda [&hellip;]<\/p>\n","protected":false},"author":4,"featured_media":53194,"comment_status":"open","ping_status":"open","sticky":false,"template":"","format":"standard","meta":{"om_disable_all_campaigns":false,"_monsterinsights_skip_tracking":false,"_monsterinsights_sitenote_active":false,"_monsterinsights_sitenote_note":"","_monsterinsights_sitenote_category":0,"footnotes":""},"categories":[5],"tags":[128,223],"class_list":["post-53193","post","type-post","status-publish","format-standard","has-post-thumbnail","hentry","category-politica","tag-politics","tag-puebla"],"amp_enabled":true,"_links":{"self":[{"href":"https:\/\/lahora.mx\/index.php\/wp-json\/wp\/v2\/posts\/53193","targetHints":{"allow":["GET"]}}],"collection":[{"href":"https:\/\/lahora.mx\/index.php\/wp-json\/wp\/v2\/posts"}],"about":[{"href":"https:\/\/lahora.mx\/index.php\/wp-json\/wp\/v2\/types\/post"}],"author":[{"embeddable":true,"href":"https:\/\/lahora.mx\/index.php\/wp-json\/wp\/v2\/users\/4"}],"replies":[{"embeddable":true,"href":"https:\/\/lahora.mx\/index.php\/wp-json\/wp\/v2\/comments?post=53193"}],"version-history":[{"count":1,"href":"https:\/\/lahora.mx\/index.php\/wp-json\/wp\/v2\/posts\/53193\/revisions"}],"predecessor-version":[{"id":53195,"href":"https:\/\/lahora.mx\/index.php\/wp-json\/wp\/v2\/posts\/53193\/revisions\/53195"}],"wp:featuredmedia":[{"embeddable":true,"href":"https:\/\/lahora.mx\/index.php\/wp-json\/wp\/v2\/media\/53194"}],"wp:attachment":[{"href":"https:\/\/lahora.mx\/index.php\/wp-json\/wp\/v2\/media?parent=53193"}],"wp:term":[{"taxonomy":"category","embeddable":true,"href":"https:\/\/lahora.mx\/index.php\/wp-json\/wp\/v2\/categories?post=53193"},{"taxonomy":"post_tag","embeddable":true,"href":"https:\/\/lahora.mx\/index.php\/wp-json\/wp\/v2\/tags?post=53193"}],"curies":[{"name":"wp","href":"https:\/\/api.w.org\/{rel}","templated":true}]}}