{"id":53187,"date":"2024-10-09T15:54:17","date_gmt":"2024-10-09T15:54:17","guid":{"rendered":"http:\/\/lahora.mx\/?p=53187"},"modified":"2024-10-09T15:56:13","modified_gmt":"2024-10-09T15:56:13","slug":"fallece-hombre-en-el-parque-industrial-2000","status":"publish","type":"post","link":"https:\/\/lahora.mx\/index.php\/2024\/10\/09\/fallece-hombre-en-el-parque-industrial-2000\/","title":{"rendered":"Fallece hombre en el Parque Industrial 2000"},"content":{"rendered":"\n<p>Por complicaciones de salud, Jos\u00e9, un hombre de 40 a\u00f1os de edad, muri\u00f3 en la entrada del Parque Industrial 2000, la ma\u00f1ana de este mi\u00e9rcoles.<\/p>\n\n\n\n<p>De acuerdo con los primeros reportes, fueron los empleados de dicho parque industrial quienes reportaron a emergencias lo ocurrido, al percatarse que Jos\u00e9 no se mov\u00eda.<\/p>\n\n\n\n<p>Al sitio acudieron param\u00e9dicos, quienes solo lograron confirmar que el var\u00f3n ya carec\u00eda de signos vitales.<\/p>\n\n\n\n<p>La causa de muerte de Jos\u00e9 fue natural, pues ya presentaba complicaciones en su estado de salud, lo que deriv\u00f3 a que perdiera la vida.<\/p>\n\n\n\n<p>En tanto, la zona qued\u00f3 acordonada en espera de que la Fiscal\u00eda General del Estado (FGE) realice el levantamiento del cuerpo para despu\u00e9s entregarlo a sus familiares.<\/p>\n","protected":false},"excerpt":{"rendered":"<p>Por complicaciones de salud, Jos\u00e9, un hombre de 40 a\u00f1os de edad, muri\u00f3 en la entrada del Parque Industrial 2000, la ma\u00f1ana de este mi\u00e9rcoles. De acuerdo con los primeros reportes, fueron los empleados de dicho parque industrial quienes reportaron a emergencias lo ocurrido, al percatarse que Jos\u00e9 no se mov\u00eda. Al sitio acudieron param\u00e9dicos, [&hellip;]<\/p>\n","protected":false},"author":4,"featured_media":53188,"comment_status":"open","ping_status":"open","sticky":false,"template":"","format":"standard","meta":{"om_disable_all_campaigns":false,"_monsterinsights_skip_tracking":false,"_monsterinsights_sitenote_active":false,"_monsterinsights_sitenote_note":"","_monsterinsights_sitenote_category":0,"footnotes":""},"categories":[175],"tags":[223],"class_list":["post-53187","post","type-post","status-publish","format-standard","has-post-thumbnail","hentry","category-local","tag-puebla"],"amp_enabled":true,"_links":{"self":[{"href":"https:\/\/lahora.mx\/index.php\/wp-json\/wp\/v2\/posts\/53187","targetHints":{"allow":["GET"]}}],"collection":[{"href":"https:\/\/lahora.mx\/index.php\/wp-json\/wp\/v2\/posts"}],"about":[{"href":"https:\/\/lahora.mx\/index.php\/wp-json\/wp\/v2\/types\/post"}],"author":[{"embeddable":true,"href":"https:\/\/lahora.mx\/index.php\/wp-json\/wp\/v2\/users\/4"}],"replies":[{"embeddable":true,"href":"https:\/\/lahora.mx\/index.php\/wp-json\/wp\/v2\/comments?post=53187"}],"version-history":[{"count":1,"href":"https:\/\/lahora.mx\/index.php\/wp-json\/wp\/v2\/posts\/53187\/revisions"}],"predecessor-version":[{"id":53189,"href":"https:\/\/lahora.mx\/index.php\/wp-json\/wp\/v2\/posts\/53187\/revisions\/53189"}],"wp:featuredmedia":[{"embeddable":true,"href":"https:\/\/lahora.mx\/index.php\/wp-json\/wp\/v2\/media\/53188"}],"wp:attachment":[{"href":"https:\/\/lahora.mx\/index.php\/wp-json\/wp\/v2\/media?parent=53187"}],"wp:term":[{"taxonomy":"category","embeddable":true,"href":"https:\/\/lahora.mx\/index.php\/wp-json\/wp\/v2\/categories?post=53187"},{"taxonomy":"post_tag","embeddable":true,"href":"https:\/\/lahora.mx\/index.php\/wp-json\/wp\/v2\/tags?post=53187"}],"curies":[{"name":"wp","href":"https:\/\/api.w.org\/{rel}","templated":true}]}}