{"id":53181,"date":"2024-10-09T02:31:40","date_gmt":"2024-10-09T02:31:40","guid":{"rendered":"http:\/\/lahora.mx\/?p=53181"},"modified":"2024-10-09T03:52:23","modified_gmt":"2024-10-09T03:52:23","slug":"vw-empieza-con-paros-tecnicos-segmento-3-de-taos-el-primero","status":"publish","type":"post","link":"https:\/\/lahora.mx\/index.php\/2024\/10\/09\/vw-empieza-con-paros-tecnicos-segmento-3-de-taos-el-primero\/","title":{"rendered":"VW empieza con paros t\u00e9cnicos"},"content":{"rendered":"\n<p>La armadora alemana Volkswagen ya comienza a realizar paros t\u00e9cnicos, pues se acerca a su meta de producci\u00f3n de unidades.<\/p>\n\n\n\n<p>A trav\u00e9s de circulares, se inform\u00f3 a trabajadores del Segmento 3 de Taos del segundo turno que no laborar\u00edan este martes 8 de octubre. Para quienes se presentaran se dispon\u00eda de camiones para retirarse a las 17:30 horas.<\/p>\n\n\n\n<p>Lo mismo ocurri\u00f3 para las proveedoras como Schnellecke Logistics, a quienes se les indic\u00f3 que el segundo turno de la Taos no iba a laborar por paro t\u00e9cnico.<\/p>\n\n\n\n<p>Asimismo, ya trasciende el calendario que tendr\u00e1 Volkswagen para realizar paros t\u00e9cnicos en los tres turnos para la producci\u00f3n del Jetta, Tiguan y Taos.<\/p>\n\n\n\n<p>Se indic\u00f3 que se dejar\u00e1 de producir la Tiguan y se mandar\u00e1 a paro a cerca de mil 800 trabajadores por tres meses; en su lugar, se ensamblar\u00e1 la Tayron.<\/p>\n\n\n\n<p>VW empieza con paros t\u00e9cnicos; Segmento 3 de Taos, el primero<br>Volkswagen, \u00bfcerca de llegar a su meta de producci\u00f3n?<br>De acuerdo con datos del Registro Administrativo de la Industria Automotriz de Veh\u00edculos Ligeros (RAIAVL) del Instituto Nacional de Estad\u00edstica y Geograf\u00eda (INEGI), Volkswagen ha producido de enero a septiembre de 2024 305 mil 790 veh\u00edculos, lo que representa un aumento del 20% en comparaci\u00f3n con el mismo periodo de 2023.<\/p>\n\n\n\n<p>Sin embargo, la fabricaci\u00f3n de unidades durante todo el 2023 fue de 349 mil 227. Es decir, la elaboraci\u00f3n de unidades en 2024 est\u00e1 a solo a 43 mil 437 de alcanzar la producci\u00f3n de 2023 y en promedio por mes est\u00e1n fabricando 38 mil 223 veh\u00edculos, lo que indicar\u00eda que en los tres meses restantes cumplir\u00e1n la meta.<\/p>\n","protected":false},"excerpt":{"rendered":"<p>La armadora alemana Volkswagen ya comienza a realizar paros t\u00e9cnicos, pues se acerca a su meta de producci\u00f3n de unidades. A trav\u00e9s de circulares, se inform\u00f3 a trabajadores del Segmento 3 de Taos del segundo turno que no laborar\u00edan este martes 8 de octubre. Para quienes se presentaran se dispon\u00eda de camiones para retirarse a [&hellip;]<\/p>\n","protected":false},"author":4,"featured_media":53183,"comment_status":"open","ping_status":"open","sticky":false,"template":"","format":"standard","meta":{"om_disable_all_campaigns":false,"_monsterinsights_skip_tracking":false,"_monsterinsights_sitenote_active":false,"_monsterinsights_sitenote_note":"","_monsterinsights_sitenote_category":0,"footnotes":""},"categories":[175],"tags":[195,223],"class_list":["post-53181","post","type-post","status-publish","format-standard","has-post-thumbnail","hentry","category-local","tag-principal","tag-puebla"],"amp_enabled":true,"_links":{"self":[{"href":"https:\/\/lahora.mx\/index.php\/wp-json\/wp\/v2\/posts\/53181","targetHints":{"allow":["GET"]}}],"collection":[{"href":"https:\/\/lahora.mx\/index.php\/wp-json\/wp\/v2\/posts"}],"about":[{"href":"https:\/\/lahora.mx\/index.php\/wp-json\/wp\/v2\/types\/post"}],"author":[{"embeddable":true,"href":"https:\/\/lahora.mx\/index.php\/wp-json\/wp\/v2\/users\/4"}],"replies":[{"embeddable":true,"href":"https:\/\/lahora.mx\/index.php\/wp-json\/wp\/v2\/comments?post=53181"}],"version-history":[{"count":2,"href":"https:\/\/lahora.mx\/index.php\/wp-json\/wp\/v2\/posts\/53181\/revisions"}],"predecessor-version":[{"id":53185,"href":"https:\/\/lahora.mx\/index.php\/wp-json\/wp\/v2\/posts\/53181\/revisions\/53185"}],"wp:featuredmedia":[{"embeddable":true,"href":"https:\/\/lahora.mx\/index.php\/wp-json\/wp\/v2\/media\/53183"}],"wp:attachment":[{"href":"https:\/\/lahora.mx\/index.php\/wp-json\/wp\/v2\/media?parent=53181"}],"wp:term":[{"taxonomy":"category","embeddable":true,"href":"https:\/\/lahora.mx\/index.php\/wp-json\/wp\/v2\/categories?post=53181"},{"taxonomy":"post_tag","embeddable":true,"href":"https:\/\/lahora.mx\/index.php\/wp-json\/wp\/v2\/tags?post=53181"}],"curies":[{"name":"wp","href":"https:\/\/api.w.org\/{rel}","templated":true}]}}