{"id":53174,"date":"2024-10-09T02:16:31","date_gmt":"2024-10-09T02:16:31","guid":{"rendered":"http:\/\/lahora.mx\/?p=53174"},"modified":"2024-10-09T02:16:32","modified_gmt":"2024-10-09T02:16:32","slug":"eduardo-castillo-se-suma-a-la-iniciativa-que-mejora-las-condiciones-de-trabajo-durante-la-jornada-laboral","status":"publish","type":"post","link":"https:\/\/lahora.mx\/index.php\/2024\/10\/09\/eduardo-castillo-se-suma-a-la-iniciativa-que-mejora-las-condiciones-de-trabajo-durante-la-jornada-laboral\/","title":{"rendered":"Eduardo Castillo se suma a la iniciativa que mejora las condiciones de trabajo durante la Jornada Laboral"},"content":{"rendered":"\n<p>Al manifestar su completo respaldo por lograr que las y los trabajadores cuenten con las mejores condiciones para ejercer sus actividades diarias sin afectar su salud, el Diputado Federal por el Distrito 14 de Iz\u00facar de Matamoros, Eduardo Castillo L\u00f3pez, se suma a la reforma a la Ley Federal del Trabajo en materia de Derechos al Descanso de las personas trabajadoras durante la jornada laboral.<\/p>\n\n\n\n<p>En sesi\u00f3n ordinaria del Congreso de la Uni\u00f3n, el diputado mixteco determina sumarse a esta reforma conocida como Ley Silla, presentada por el Diputado y coordinador del grupo Parlamentario de Morena, Ricardo Monreal \u00c1vila, junto con coordinadores de distintos grupos parlamentarios; por considerar como urgencia reconocer los esfuerzos de trabajadores en sus actividades cotidianas, ofreci\u00e9ndoles un trato adecuado y respetuoso en su d\u00eda a d\u00eda.<\/p>\n\n\n\n<p>Ante diputadas y diputados, Castillo L\u00f3pez refiri\u00f3 \u201choy me adhiero a la reforma que presenta nuestro Coordinador Ricardo Monreal, con la cual se busca brindar lugares adecuados de descanso para las y los trabajadores, especialmente aquellos que realizan labores que requieren estar de pie por largos periodos de tiempo, en Morena apoyamos a las y los trabajadores de todo M\u00e9xico\u201d.<\/p>\n\n\n\n<p>Tambi\u00e9n, en el marco de esta sesi\u00f3n ordinaria, el Diputado Eduardo Castillo se sum\u00f3 a la iniciativa del Diputado Joaqu\u00edn Zebad\u00faa Alva, en materia de Ley de Fomento a la Producci\u00f3n para el Autoconsumo, la Agroecolog\u00eda y la Conservaci\u00f3n de los Ma\u00edces Nativos.<\/p>\n\n\n\n<p>Con esta acci\u00f3n Castillo L\u00f3pez ratifica su inter\u00e9s por apoyar a los productores del campo en todo el pa\u00eds y con principal atenci\u00f3n los que trabajan en la mixteca poblana, regi\u00f3n que seguir\u00e1 contando con todo su respaldo y entrega durante la actual legislatura federal.<\/p>\n\n\n\n<p>Cabe aclarar que, dentro de las actividades realizadas por el Diputado Federal, se incluye su participaci\u00f3n en la mesa de trabajo para retomar temas relacionados con el medio ambiente, agricultura y aguas nacionales.<\/p>\n\n\n\n<p>\u201cSeguiremos legislando para que las y los agricultores cuenten con mejores condiciones laborales. Defenderemos los derechos y las necesidades de nuestros agricultores de la mixteca y de nuestro Estado\u201d, refiri\u00f3 Castillo L\u00f3pez al concluir dicho encuentro legislativo.<\/p>\n","protected":false},"excerpt":{"rendered":"<p>Al manifestar su completo respaldo por lograr que las y los trabajadores cuenten con las mejores condiciones para ejercer sus actividades diarias sin afectar su salud, el Diputado Federal por el Distrito 14 de Iz\u00facar de Matamoros, Eduardo Castillo L\u00f3pez, se suma a la reforma a la Ley Federal del Trabajo en materia de Derechos [&hellip;]<\/p>\n","protected":false},"author":4,"featured_media":53175,"comment_status":"open","ping_status":"open","sticky":false,"template":"","format":"standard","meta":{"om_disable_all_campaigns":false,"_monsterinsights_skip_tracking":false,"_monsterinsights_sitenote_active":false,"_monsterinsights_sitenote_note":"","_monsterinsights_sitenote_category":0,"footnotes":""},"categories":[175,5],"tags":[223],"class_list":["post-53174","post","type-post","status-publish","format-standard","has-post-thumbnail","hentry","category-local","category-politica","tag-puebla"],"amp_enabled":true,"_links":{"self":[{"href":"https:\/\/lahora.mx\/index.php\/wp-json\/wp\/v2\/posts\/53174","targetHints":{"allow":["GET"]}}],"collection":[{"href":"https:\/\/lahora.mx\/index.php\/wp-json\/wp\/v2\/posts"}],"about":[{"href":"https:\/\/lahora.mx\/index.php\/wp-json\/wp\/v2\/types\/post"}],"author":[{"embeddable":true,"href":"https:\/\/lahora.mx\/index.php\/wp-json\/wp\/v2\/users\/4"}],"replies":[{"embeddable":true,"href":"https:\/\/lahora.mx\/index.php\/wp-json\/wp\/v2\/comments?post=53174"}],"version-history":[{"count":1,"href":"https:\/\/lahora.mx\/index.php\/wp-json\/wp\/v2\/posts\/53174\/revisions"}],"predecessor-version":[{"id":53176,"href":"https:\/\/lahora.mx\/index.php\/wp-json\/wp\/v2\/posts\/53174\/revisions\/53176"}],"wp:featuredmedia":[{"embeddable":true,"href":"https:\/\/lahora.mx\/index.php\/wp-json\/wp\/v2\/media\/53175"}],"wp:attachment":[{"href":"https:\/\/lahora.mx\/index.php\/wp-json\/wp\/v2\/media?parent=53174"}],"wp:term":[{"taxonomy":"category","embeddable":true,"href":"https:\/\/lahora.mx\/index.php\/wp-json\/wp\/v2\/categories?post=53174"},{"taxonomy":"post_tag","embeddable":true,"href":"https:\/\/lahora.mx\/index.php\/wp-json\/wp\/v2\/tags?post=53174"}],"curies":[{"name":"wp","href":"https:\/\/api.w.org\/{rel}","templated":true}]}}