{"id":53171,"date":"2024-10-09T02:14:31","date_gmt":"2024-10-09T02:14:31","guid":{"rendered":"http:\/\/lahora.mx\/?p=53171"},"modified":"2024-10-09T02:14:31","modified_gmt":"2024-10-09T02:14:31","slug":"el-combate-a-la-pobreza-alimentaria-es-de-las-principales-preocupaciones-de-mi-gobierno-menciona-la-gobernadora-lorena-cuellar","status":"publish","type":"post","link":"https:\/\/lahora.mx\/index.php\/2024\/10\/09\/el-combate-a-la-pobreza-alimentaria-es-de-las-principales-preocupaciones-de-mi-gobierno-menciona-la-gobernadora-lorena-cuellar\/","title":{"rendered":"El combate a la pobreza alimentaria es de las principales preocupaciones de mi gobierno: menciona la gobernadora Lorena Cu\u00e9llar"},"content":{"rendered":"\n<p>Familias tlaxcaltecas e instituciones educativas recibieron por parte de la gobernadora Lorena Cu\u00e9llar Cisneros despensas y reequipamiento para comedores escolares, con la intenci\u00f3n de contribuir al combate de la pobreza alimentaria.<br>En el Domo Blanco del Centro Expositor, la mandataria estatal se\u00f1al\u00f3 que en lo que va de 2024 su gobierno ha distribuido m\u00e1s de 165 mil despensas de forma gratuita, para lo que han destinado una inversi\u00f3n de 95 millones de pesos.<\/p>\n\n\n\n<p>Ante cientos de beneficiarios, la mandataria estatal se\u00f1al\u00f3 que su objetivo es garantizar que las familias no tengan que preocuparse por no tener acceso a alimentos y los llam\u00f3 a no caer en enga\u00f1os de gente mal intencionada, al referir que las despensas no tienen costo alguno.<\/p>\n\n\n\n<p>Este programa para m\u00ed es muy importante porque es una ayuda, una despensa siempre es una gran ayuda pero que no les cueste absolutamente nada, somos pocos los estados que tienen esa oportunidad de darlo gratuitamente<br>, resalt\u00f3.<\/p>\n\n\n\n<p>La mandataria estatal se\u00f1al\u00f3 que en lo que va de 2024 su gobierno ha distribuido m\u00e1s de 165 mil despensas de forma gratuita. Diana Zempoalteca \/ El Sol de Tlaxcala<br>Tambi\u00e9n hizo hincapi\u00e9 en que su administraci\u00f3n han apoyado a 491 escuelas ya cuenten con comedores de comida caliente, al sostener que es m\u00e1s nutritivo.<\/p>\n\n\n\n<p>En su oportunidad, la presidenta honor\u00edfica del Sistema Estatal de Desarrollo Integral para la Familia, Mariana Espinosa de los Monteros Cu\u00e9llar, se comprometi\u00f3 a seguir apoyando a quienes m\u00e1s lo necesitan, al referir que no s\u00f3lo es atenci\u00f3n alimentaria, sino una muestra del esfuerzo que como sociedad han tendido la mano a la ni\u00f1ez, personas mayores, con discapacidad o familias que por alguna situaci\u00f3n se encuentran en emergencia.<\/p>\n","protected":false},"excerpt":{"rendered":"<p>Familias tlaxcaltecas e instituciones educativas recibieron por parte de la gobernadora Lorena Cu\u00e9llar Cisneros despensas y reequipamiento para comedores escolares, con la intenci\u00f3n de contribuir al combate de la pobreza alimentaria.En el Domo Blanco del Centro Expositor, la mandataria estatal se\u00f1al\u00f3 que en lo que va de 2024 su gobierno ha distribuido m\u00e1s de 165 [&hellip;]<\/p>\n","protected":false},"author":4,"featured_media":53172,"comment_status":"open","ping_status":"open","sticky":false,"template":"","format":"standard","meta":{"om_disable_all_campaigns":false,"_monsterinsights_skip_tracking":false,"_monsterinsights_sitenote_active":false,"_monsterinsights_sitenote_note":"","_monsterinsights_sitenote_category":0,"footnotes":""},"categories":[175],"tags":[223,210],"class_list":["post-53171","post","type-post","status-publish","format-standard","has-post-thumbnail","hentry","category-local","tag-puebla","tag-tlaxcala"],"amp_enabled":true,"_links":{"self":[{"href":"https:\/\/lahora.mx\/index.php\/wp-json\/wp\/v2\/posts\/53171","targetHints":{"allow":["GET"]}}],"collection":[{"href":"https:\/\/lahora.mx\/index.php\/wp-json\/wp\/v2\/posts"}],"about":[{"href":"https:\/\/lahora.mx\/index.php\/wp-json\/wp\/v2\/types\/post"}],"author":[{"embeddable":true,"href":"https:\/\/lahora.mx\/index.php\/wp-json\/wp\/v2\/users\/4"}],"replies":[{"embeddable":true,"href":"https:\/\/lahora.mx\/index.php\/wp-json\/wp\/v2\/comments?post=53171"}],"version-history":[{"count":1,"href":"https:\/\/lahora.mx\/index.php\/wp-json\/wp\/v2\/posts\/53171\/revisions"}],"predecessor-version":[{"id":53173,"href":"https:\/\/lahora.mx\/index.php\/wp-json\/wp\/v2\/posts\/53171\/revisions\/53173"}],"wp:featuredmedia":[{"embeddable":true,"href":"https:\/\/lahora.mx\/index.php\/wp-json\/wp\/v2\/media\/53172"}],"wp:attachment":[{"href":"https:\/\/lahora.mx\/index.php\/wp-json\/wp\/v2\/media?parent=53171"}],"wp:term":[{"taxonomy":"category","embeddable":true,"href":"https:\/\/lahora.mx\/index.php\/wp-json\/wp\/v2\/categories?post=53171"},{"taxonomy":"post_tag","embeddable":true,"href":"https:\/\/lahora.mx\/index.php\/wp-json\/wp\/v2\/tags?post=53171"}],"curies":[{"name":"wp","href":"https:\/\/api.w.org\/{rel}","templated":true}]}}