{"id":53167,"date":"2024-10-09T01:56:19","date_gmt":"2024-10-09T01:56:19","guid":{"rendered":"http:\/\/lahora.mx\/?p=53167"},"modified":"2024-10-09T01:56:19","modified_gmt":"2024-10-09T01:56:19","slug":"autoridad-electoral-de-colombia-investiga-campana-presidencial-de-gustavo-petro-el-denuncia-un-golpe-de-estado","status":"publish","type":"post","link":"https:\/\/lahora.mx\/index.php\/2024\/10\/09\/autoridad-electoral-de-colombia-investiga-campana-presidencial-de-gustavo-petro-el-denuncia-un-golpe-de-estado\/","title":{"rendered":"Autoridad electoral de Colombia investiga campa\u00f1a presidencial de Gustavo Petro; \u00e9l denuncia un \u00abgolpe de Estado\u00bb"},"content":{"rendered":"\n<p>El Consejo Nacional Electoral (CNE) de Colombia decidi\u00f3 este martes \u00ababrir investigaci\u00f3n y formular cargos a la campa\u00f1a\u00bb del presidente Gustavo Petro en 2022 por presuntas irregularidades, inform\u00f3 el presidente de ese organismo, C\u00e9sar Lorduy.<\/p>\n\n\n\n<p>El CNE considera que Petro, como candidato; el gerente de su campa\u00f1a, Ricardo Roa, y otros miembros de su equipo deber\u00e1n responder \u00abpor la presunta vulneraci\u00f3n al r\u00e9gimen de financiaci\u00f3n de las campa\u00f1as electorales\u00bb, ya que presuntamente violaron los topes de gasto establecidos y recurrieron a fuentes prohibidas.<\/p>\n\n\n\n<p>Petro acusa \u00abgolpe de estado\u00bb<\/p>\n\n\n\n<p>\u00abHa comenzado el golpe de estado\u00bb, escribi\u00f3 el presidente colombiano en sue cuenta de X.<br><\/p>\n\n\n\n<p>En otra publicaci\u00f3n llam\u00f3 a la fuerza p\u00fablica a no levantarse en armas contra el pueblo. Asimismo, pidi\u00f3 al cuerpo diplom\u00e1tico una reuni\u00f3n en pleno para explicar por qu\u00e9 la decisi\u00f3n del Consejo Nacional Electoral es un golpe contra el fuero integral del presidente y contra el voto popular.<\/p>\n\n\n\n<p>\u00abLe solicito a mis abogados frente a la sentencia de la CIDH a mi favor que ha sido violada por completo\u00bb.<\/p>\n","protected":false},"excerpt":{"rendered":"<p>El Consejo Nacional Electoral (CNE) de Colombia decidi\u00f3 este martes \u00ababrir investigaci\u00f3n y formular cargos a la campa\u00f1a\u00bb del presidente Gustavo Petro en 2022 por presuntas irregularidades, inform\u00f3 el presidente de ese organismo, C\u00e9sar Lorduy. El CNE considera que Petro, como candidato; el gerente de su campa\u00f1a, Ricardo Roa, y otros miembros de su equipo [&hellip;]<\/p>\n","protected":false},"author":4,"featured_media":53168,"comment_status":"open","ping_status":"open","sticky":false,"template":"","format":"standard","meta":{"om_disable_all_campaigns":false,"_monsterinsights_skip_tracking":false,"_monsterinsights_sitenote_active":false,"_monsterinsights_sitenote_note":"","_monsterinsights_sitenote_category":0,"footnotes":""},"categories":[183],"tags":[],"class_list":["post-53167","post","type-post","status-publish","format-standard","has-post-thumbnail","hentry","category-internacional"],"amp_enabled":true,"_links":{"self":[{"href":"https:\/\/lahora.mx\/index.php\/wp-json\/wp\/v2\/posts\/53167","targetHints":{"allow":["GET"]}}],"collection":[{"href":"https:\/\/lahora.mx\/index.php\/wp-json\/wp\/v2\/posts"}],"about":[{"href":"https:\/\/lahora.mx\/index.php\/wp-json\/wp\/v2\/types\/post"}],"author":[{"embeddable":true,"href":"https:\/\/lahora.mx\/index.php\/wp-json\/wp\/v2\/users\/4"}],"replies":[{"embeddable":true,"href":"https:\/\/lahora.mx\/index.php\/wp-json\/wp\/v2\/comments?post=53167"}],"version-history":[{"count":1,"href":"https:\/\/lahora.mx\/index.php\/wp-json\/wp\/v2\/posts\/53167\/revisions"}],"predecessor-version":[{"id":53169,"href":"https:\/\/lahora.mx\/index.php\/wp-json\/wp\/v2\/posts\/53167\/revisions\/53169"}],"wp:featuredmedia":[{"embeddable":true,"href":"https:\/\/lahora.mx\/index.php\/wp-json\/wp\/v2\/media\/53168"}],"wp:attachment":[{"href":"https:\/\/lahora.mx\/index.php\/wp-json\/wp\/v2\/media?parent=53167"}],"wp:term":[{"taxonomy":"category","embeddable":true,"href":"https:\/\/lahora.mx\/index.php\/wp-json\/wp\/v2\/categories?post=53167"},{"taxonomy":"post_tag","embeddable":true,"href":"https:\/\/lahora.mx\/index.php\/wp-json\/wp\/v2\/tags?post=53167"}],"curies":[{"name":"wp","href":"https:\/\/api.w.org\/{rel}","templated":true}]}}