{"id":53134,"date":"2024-10-09T00:30:06","date_gmt":"2024-10-09T00:30:06","guid":{"rendered":"http:\/\/lahora.mx\/?p=53134"},"modified":"2024-10-09T00:30:07","modified_gmt":"2024-10-09T00:30:07","slug":"dejaremos-mil-436-mdp-a-administracion-de-chedraui-menciona-adan-dominguez","status":"publish","type":"post","link":"https:\/\/lahora.mx\/index.php\/2024\/10\/09\/dejaremos-mil-436-mdp-a-administracion-de-chedraui-menciona-adan-dominguez\/","title":{"rendered":"Dejaremos mil 436 mdp a administraci\u00f3n de Chedraui menciona Ad\u00e1n Dom\u00ednguez"},"content":{"rendered":"\n<p>El alcalde de Puebla, Ad\u00e1n Dom\u00ednguez S\u00e1nchez, asegur\u00f3 que su gobierno dejar\u00e1 mil 436 millones de pesos disponibles para que el presidente electo, Jos\u00e9 Chedraui, inicie operaciones el 15 de octubre y hasta el 31 de diciembre. Agreg\u00f3 que no habr\u00e1 una deuda p\u00fablica, \u201ccomo se especul\u00f3\u201d.<\/p>\n\n\n\n<p>\u201cEn los \u00faltimos d\u00edas han surgido una serie de especulaciones sobre el estado financiero que guarda el Ayuntamiento de Puebla. El d\u00eda hoy queremos ser muy enf\u00e1ticos, hay presupuesto suficiente para garantizar la prestaci\u00f3n de servicios y la operatividad del pr\u00f3ximo gobierno en 2024\u201d, dijo.<\/p>\n\n\n\n<p>Ad\u00e1n Dom\u00ednguez explic\u00f3 que del 15 de octubre al 31 de diciembre el recurso programado del Ayuntamiento de Puebla es de mil 436 millones 695 mil 656 pesos, adem\u00e1s se espera una recaudaci\u00f3n que exceder\u00eda en 87 millones de pesos al monto presupuestado, aunque omiti\u00f3 decir que este \u00faltimo recurso corresponde al pago predial de 2025.<\/p>\n\n\n\n<p>Por ello, manifest\u00f3 que el gobierno municipal de Puebla garantiza el recurso disponible para que la administraci\u00f3n entrante pueda operar y comenzar acciones en los dos meses y medio que le quedan al a\u00f1o.<\/p>\n\n\n\n<p>No obstante, lament\u00f3 que el mal manejo del gasto que realiz\u00f3 el tesorero Omar Coyopol obligue a la administraci\u00f3n a dejar pendientes y tomar\u00e1 cartas en el asunto contra su funcionario municipal.<\/p>\n\n\n\n<p>\u201cLamento que la falta de previsi\u00f3n en Tesorer\u00eda nos obligue a dejar pagos pendientes, y que esto no sea lo ideal para la siguiente administraci\u00f3n. He llamado la atenci\u00f3n al titular de la Tesorer\u00eda sobre este mal c\u00e1lculo administrativo, as\u00ed como de las imprecisiones que cometi\u00f3 en las declaraciones que hizo el d\u00eda de ayer, que hoy nos lleva a tener una descortes\u00eda con la siguiente administraci\u00f3n\u201d, mencion\u00f3.<\/p>\n","protected":false},"excerpt":{"rendered":"<p>El alcalde de Puebla, Ad\u00e1n Dom\u00ednguez S\u00e1nchez, asegur\u00f3 que su gobierno dejar\u00e1 mil 436 millones de pesos disponibles para que el presidente electo, Jos\u00e9 Chedraui, inicie operaciones el 15 de octubre y hasta el 31 de diciembre. Agreg\u00f3 que no habr\u00e1 una deuda p\u00fablica, \u201ccomo se especul\u00f3\u201d. \u201cEn los \u00faltimos d\u00edas han surgido una serie [&hellip;]<\/p>\n","protected":false},"author":4,"featured_media":53135,"comment_status":"open","ping_status":"open","sticky":false,"template":"","format":"standard","meta":{"om_disable_all_campaigns":false,"_monsterinsights_skip_tracking":false,"_monsterinsights_sitenote_active":false,"_monsterinsights_sitenote_note":"","_monsterinsights_sitenote_category":0,"footnotes":""},"categories":[175],"tags":[234,195,223],"class_list":["post-53134","post","type-post","status-publish","format-standard","has-post-thumbnail","hentry","category-local","tag-cholula","tag-principal","tag-puebla"],"amp_enabled":true,"_links":{"self":[{"href":"https:\/\/lahora.mx\/index.php\/wp-json\/wp\/v2\/posts\/53134","targetHints":{"allow":["GET"]}}],"collection":[{"href":"https:\/\/lahora.mx\/index.php\/wp-json\/wp\/v2\/posts"}],"about":[{"href":"https:\/\/lahora.mx\/index.php\/wp-json\/wp\/v2\/types\/post"}],"author":[{"embeddable":true,"href":"https:\/\/lahora.mx\/index.php\/wp-json\/wp\/v2\/users\/4"}],"replies":[{"embeddable":true,"href":"https:\/\/lahora.mx\/index.php\/wp-json\/wp\/v2\/comments?post=53134"}],"version-history":[{"count":1,"href":"https:\/\/lahora.mx\/index.php\/wp-json\/wp\/v2\/posts\/53134\/revisions"}],"predecessor-version":[{"id":53136,"href":"https:\/\/lahora.mx\/index.php\/wp-json\/wp\/v2\/posts\/53134\/revisions\/53136"}],"wp:featuredmedia":[{"embeddable":true,"href":"https:\/\/lahora.mx\/index.php\/wp-json\/wp\/v2\/media\/53135"}],"wp:attachment":[{"href":"https:\/\/lahora.mx\/index.php\/wp-json\/wp\/v2\/media?parent=53134"}],"wp:term":[{"taxonomy":"category","embeddable":true,"href":"https:\/\/lahora.mx\/index.php\/wp-json\/wp\/v2\/categories?post=53134"},{"taxonomy":"post_tag","embeddable":true,"href":"https:\/\/lahora.mx\/index.php\/wp-json\/wp\/v2\/tags?post=53134"}],"curies":[{"name":"wp","href":"https:\/\/api.w.org\/{rel}","templated":true}]}}