{"id":53131,"date":"2024-10-08T23:38:33","date_gmt":"2024-10-08T23:38:33","guid":{"rendered":"http:\/\/lahora.mx\/?p=53131"},"modified":"2024-10-08T23:39:10","modified_gmt":"2024-10-08T23:39:10","slug":"confirman-deuda-de-580-mdp-del-ayuntamiento-de-puebla-por-el-equipo-de-chedraui","status":"publish","type":"post","link":"https:\/\/lahora.mx\/index.php\/2024\/10\/08\/confirman-deuda-de-580-mdp-del-ayuntamiento-de-puebla-por-el-equipo-de-chedraui\/","title":{"rendered":"Confirman deuda de 580 mdp del Ayuntamiento de Puebla por el equipo de Chedraui"},"content":{"rendered":"\n<p>Este martes, durante la instalaci\u00f3n de la Comisi\u00f3n de entrega\u2014recepci\u00f3n del Ayuntamiento de Puebla, le confirmaron al equipo de Jos\u00e9 Chedraui Budib, alcalde electo, que s\u00ed existe una deuda en el municipio por 580 millones de pesos.<\/p>\n\n\n\n<p>Fue el equipo de Ad\u00e1n Dom\u00ednguez S\u00e1nchez, actual edil, quien instal\u00f3 la comisi\u00f3n y constat\u00f3 la noticia a Francisco Rodr\u00edguez \u00c1lvarez, coordinador del equipo de transici\u00f3n del morenista; la deuda se debe al sobregiro de recursos en el mes de septiembre, inform\u00f3.<\/p>\n\n\n\n<p>Rodr\u00edguez \u00c1lvarez, pr\u00f3ximo secretario de gobernaci\u00f3n municipal, solicit\u00f3 esperar a fin de la administraci\u00f3n para que se conozcan los datos reales y los estados financieros se den al dominio p\u00fablico.<\/p>\n\n\n\n<p>\u201cSabemos que si hay un adeudo, vamos a decir, en tema de proveedores, y habr\u00e1 que ver si hay suficiencia presupuestal\u201d, inform\u00f3 tras la confirmaci\u00f3n del sobregiro y deuda por 580 mdp. Puntualiz\u00f3 sobre el tema que no habr\u00e1 nada que solapar.<\/p>\n\n\n\n<p>Luego de instalarse la comisi\u00f3n de transici\u00f3n y darse a conocer la deuda del Ayuntamiento de Puebla, Rodr\u00edguez \u00c1lvarez inform\u00f3 que se reunir\u00e1 permanente con cada una de las Secretar\u00edas del municipio para que el gobierno entrante comience operaciones el 15 de octubre.<\/p>\n","protected":false},"excerpt":{"rendered":"<p>Este martes, durante la instalaci\u00f3n de la Comisi\u00f3n de entrega\u2014recepci\u00f3n del Ayuntamiento de Puebla, le confirmaron al equipo de Jos\u00e9 Chedraui Budib, alcalde electo, que s\u00ed existe una deuda en el municipio por 580 millones de pesos. Fue el equipo de Ad\u00e1n Dom\u00ednguez S\u00e1nchez, actual edil, quien instal\u00f3 la comisi\u00f3n y constat\u00f3 la noticia a [&hellip;]<\/p>\n","protected":false},"author":4,"featured_media":53132,"comment_status":"open","ping_status":"open","sticky":false,"template":"","format":"standard","meta":{"om_disable_all_campaigns":false,"_monsterinsights_skip_tracking":false,"_monsterinsights_sitenote_active":false,"_monsterinsights_sitenote_note":"","_monsterinsights_sitenote_category":0,"footnotes":""},"categories":[175],"tags":[223],"class_list":["post-53131","post","type-post","status-publish","format-standard","has-post-thumbnail","hentry","category-local","tag-puebla"],"amp_enabled":true,"_links":{"self":[{"href":"https:\/\/lahora.mx\/index.php\/wp-json\/wp\/v2\/posts\/53131","targetHints":{"allow":["GET"]}}],"collection":[{"href":"https:\/\/lahora.mx\/index.php\/wp-json\/wp\/v2\/posts"}],"about":[{"href":"https:\/\/lahora.mx\/index.php\/wp-json\/wp\/v2\/types\/post"}],"author":[{"embeddable":true,"href":"https:\/\/lahora.mx\/index.php\/wp-json\/wp\/v2\/users\/4"}],"replies":[{"embeddable":true,"href":"https:\/\/lahora.mx\/index.php\/wp-json\/wp\/v2\/comments?post=53131"}],"version-history":[{"count":1,"href":"https:\/\/lahora.mx\/index.php\/wp-json\/wp\/v2\/posts\/53131\/revisions"}],"predecessor-version":[{"id":53133,"href":"https:\/\/lahora.mx\/index.php\/wp-json\/wp\/v2\/posts\/53131\/revisions\/53133"}],"wp:featuredmedia":[{"embeddable":true,"href":"https:\/\/lahora.mx\/index.php\/wp-json\/wp\/v2\/media\/53132"}],"wp:attachment":[{"href":"https:\/\/lahora.mx\/index.php\/wp-json\/wp\/v2\/media?parent=53131"}],"wp:term":[{"taxonomy":"category","embeddable":true,"href":"https:\/\/lahora.mx\/index.php\/wp-json\/wp\/v2\/categories?post=53131"},{"taxonomy":"post_tag","embeddable":true,"href":"https:\/\/lahora.mx\/index.php\/wp-json\/wp\/v2\/tags?post=53131"}],"curies":[{"name":"wp","href":"https:\/\/api.w.org\/{rel}","templated":true}]}}